{"id":189572,"date":"2021-07-19T09:24:41","date_gmt":"2021-07-19T06:24:41","guid":{"rendered":"http:\/\/107.6.182.27\/es\/?p=189572"},"modified":"2021-07-19T09:24:41","modified_gmt":"2021-07-19T06:24:41","slug":"sismo-de-39-grados-de-magnitud-es-perceptible-en-sur-de-deir-ezzor","status":"publish","type":"post","link":"https:\/\/archive.sana.sy\/es\/?p=189572","title":{"rendered":"Sismo de 39 grados de magnitud es perceptible en sur de Deir Ezzor"},"content":{"rendered":"<p style=\"text-align: justify;\"><strong><span style=\"color: #800000;\">Deir Ezzor, SANA<\/span><\/strong><\/p>\n<p style=\"text-align: justify;\">Un sismo de 3,9 grados de magnitud en la escala de Richter sacudi\u00f3 este domingo el sur de la provincia oriental siria de Deir Ezzor.<\/p>\n<p style=\"text-align: justify;\">El Centro Nacional de Sismolog\u00eda inform\u00f3 que a las 01:09 am hora local se registr\u00f3 el sismo a una profundidad de 36 metros, con epicentro a unos 70 kil\u00f3metros al sur de la ciudad d Deir Ezzor.<\/p>\n<p style=\"text-align: justify;\"><span style=\"color: #0000ff;\"><strong>ws\/fm<\/strong><\/span><\/p>\n","protected":false},"excerpt":{"rendered":"<p>Deir Ezzor, SANA Un sismo de 3,9 grados de magnitud en la escala de Richter sacudi\u00f3 este domingo el sur de la provincia oriental siria de Deir Ezzor. El Centro Nacional de Sismolog\u00eda inform\u00f3 que a las 01:09 am hora local se registr\u00f3 el sismo a una profundidad de 36 metros, con epicentro a unos &hellip;<\/p>\n","protected":false},"author":35,"featured_media":189573,"comment_status":"closed","ping_status":"closed","sticky":false,"template":"","format":"standard","meta":{"footnotes":""},"categories":[597,476,7541],"tags":[],"class_list":["post-189572","post","type-post","status-publish","format-standard","has-post-thumbnail","","category-cinta-de-noticias","category-locales","category-ultimas-noticias"],"_links":{"self":[{"href":"https:\/\/archive.sana.sy\/es\/index.php?rest_route=\/wp\/v2\/posts\/189572"}],"collection":[{"href":"https:\/\/archive.sana.sy\/es\/index.php?rest_route=\/wp\/v2\/posts"}],"about":[{"href":"https:\/\/archive.sana.sy\/es\/index.php?rest_route=\/wp\/v2\/types\/post"}],"author":[{"embeddable":true,"href":"https:\/\/archive.sana.sy\/es\/index.php?rest_route=\/wp\/v2\/users\/35"}],"replies":[{"embeddable":true,"href":"https:\/\/archive.sana.sy\/es\/index.php?rest_route=%2Fwp%2Fv2%2Fcomments&post=189572"}],"version-history":[{"count":0,"href":"https:\/\/archive.sana.sy\/es\/index.php?rest_route=\/wp\/v2\/posts\/189572\/revisions"}],"wp:featuredmedia":[{"embeddable":true,"href":"https:\/\/archive.sana.sy\/es\/index.php?rest_route=\/wp\/v2\/media\/189573"}],"wp:attachment":[{"href":"https:\/\/archive.sana.sy\/es\/index.php?rest_route=%2Fwp%2Fv2%2Fmedia&parent=189572"}],"wp:term":[{"taxonomy":"category","embeddable":true,"href":"https:\/\/archive.sana.sy\/es\/index.php?rest_route=%2Fwp%2Fv2%2Fcategories&post=189572"},{"taxonomy":"post_tag","embeddable":true,"href":"https:\/\/archive.sana.sy\/es\/index.php?rest_route=%2Fwp%2Fv2%2Ftags&post=189572"}],"curies":[{"name":"wp","href":"https:\/\/api.w.org\/{rel}","templated":true}]}}