{"id":189615,"date":"2021-07-19T13:28:09","date_gmt":"2021-07-19T10:28:09","guid":{"rendered":"http:\/\/107.6.182.27\/es\/?p=189615"},"modified":"2023-01-09T14:05:31","modified_gmt":"2023-01-09T12:05:31","slug":"celebran-en-deraa-investidura-del-presidente-al-assad","status":"publish","type":"post","link":"https:\/\/archive.sana.sy\/es\/?p=189615","title":{"rendered":"Celebran en Deraa investidura del presidente al-Assad"},"content":{"rendered":"<p style=\"text-align: justify;\"><strong><span style=\"color: #800000;\">Deraa, SANA<\/span><\/strong><\/p>\n<p style=\"text-align: justify;\">Los lugare\u00f1os de la localidad de Basir, a unos 50 km al norte de la provincia siria de Deraa, organizaron una ceremonia del juramento en la que expresaron su respaldo al presidente Bashar al-Assad.<\/p>\n<p style=\"text-align: justify;\">El acto comenz\u00f3 con tocar las notas del Himno Nacional sirio por la Orquesta del Ej\u00e9rcito \u00c1rabe Sirio, e incluy\u00f3 bailes tradicionales y piezas musicales interpretadas por la banda folcl\u00f3rica Aram y la Orquesta Sinf\u00f3nica Nacional dirigida por el Maestro Misak Baghboudrian.<\/p>\n<p style=\"text-align: justify;\">\u00a8Estas actividades reflejan la fuerte voluntad de los sirios para seguir a delante a pesar de todos los desaf\u00edos \u00a8 afirman los participantes.<\/p>\n<div id='gallery-1' class='gallery galleryid-189615 gallery-columns-1 gallery-size-full'><figure class='gallery-item'>\n\t\t\t<div class='gallery-icon landscape'>\n\t\t\t\t<a href='https:\/\/archive.sana.sy\/es\/?attachment_id=189616'><img loading=\"lazy\" decoding=\"async\" width=\"2560\" height=\"1642\" src=\"https:\/\/archive.sana.sy\/es\/wp-content\/uploads\/2021\/07\/IMG_0069-scaled.jpg\" class=\"attachment-full size-full\" alt=\"\" srcset=\"https:\/\/archive.sana.sy\/es\/wp-content\/uploads\/2021\/07\/IMG_0069-scaled.jpg 2560w, https:\/\/archive.sana.sy\/es\/wp-content\/uploads\/2021\/07\/IMG_0069-300x192.jpg 300w, https:\/\/archive.sana.sy\/es\/wp-content\/uploads\/2021\/07\/IMG_0069-1024x657.jpg 1024w, https:\/\/archive.sana.sy\/es\/wp-content\/uploads\/2021\/07\/IMG_0069-150x96.jpg 150w, https:\/\/archive.sana.sy\/es\/wp-content\/uploads\/2021\/07\/IMG_0069-768x493.jpg 768w, https:\/\/archive.sana.sy\/es\/wp-content\/uploads\/2021\/07\/IMG_0069-1536x985.jpg 1536w, https:\/\/archive.sana.sy\/es\/wp-content\/uploads\/2021\/07\/IMG_0069-2048x1314.jpg 2048w\" sizes=\"(max-width: 2560px) 100vw, 2560px\" \/><\/a>\n\t\t\t<\/div><\/figure><figure class='gallery-item'>\n\t\t\t<div class='gallery-icon landscape'>\n\t\t\t\t<a href='https:\/\/archive.sana.sy\/es\/?attachment_id=189617'><img loading=\"lazy\" decoding=\"async\" width=\"2560\" height=\"1707\" src=\"https:\/\/archive.sana.sy\/es\/wp-content\/uploads\/2021\/07\/IMG_0071-scaled.jpg\" class=\"attachment-full size-full\" alt=\"\" srcset=\"https:\/\/archive.sana.sy\/es\/wp-content\/uploads\/2021\/07\/IMG_0071-scaled.jpg 2560w, https:\/\/archive.sana.sy\/es\/wp-content\/uploads\/2021\/07\/IMG_0071-300x200.jpg 300w, https:\/\/archive.sana.sy\/es\/wp-content\/uploads\/2021\/07\/IMG_0071-1024x683.jpg 1024w, https:\/\/archive.sana.sy\/es\/wp-content\/uploads\/2021\/07\/IMG_0071-150x100.jpg 150w, https:\/\/archive.sana.sy\/es\/wp-content\/uploads\/2021\/07\/IMG_0071-768x512.jpg 768w, https:\/\/archive.sana.sy\/es\/wp-content\/uploads\/2021\/07\/IMG_0071-1536x1024.jpg 1536w, https:\/\/archive.sana.sy\/es\/wp-content\/uploads\/2021\/07\/IMG_0071-2048x1365.jpg 2048w\" sizes=\"(max-width: 2560px) 100vw, 2560px\" \/><\/a>\n\t\t\t<\/div><\/figure><figure class='gallery-item'>\n\t\t\t<div class='gallery-icon landscape'>\n\t\t\t\t<a href='https:\/\/archive.sana.sy\/es\/?attachment_id=189618'><img loading=\"lazy\" decoding=\"async\" width=\"2560\" height=\"1629\" src=\"https:\/\/archive.sana.sy\/es\/wp-content\/uploads\/2021\/07\/IMG_0073-scaled.jpg\" class=\"attachment-full size-full\" alt=\"\" srcset=\"https:\/\/archive.sana.sy\/es\/wp-content\/uploads\/2021\/07\/IMG_0073-scaled.jpg 2560w, https:\/\/archive.sana.sy\/es\/wp-content\/uploads\/2021\/07\/IMG_0073-300x191.jpg 300w, https:\/\/archive.sana.sy\/es\/wp-content\/uploads\/2021\/07\/IMG_0073-1024x651.jpg 1024w, https:\/\/archive.sana.sy\/es\/wp-content\/uploads\/2021\/07\/IMG_0073-150x95.jpg 150w, https:\/\/archive.sana.sy\/es\/wp-content\/uploads\/2021\/07\/IMG_0073-768x489.jpg 768w, https:\/\/archive.sana.sy\/es\/wp-content\/uploads\/2021\/07\/IMG_0073-1536x977.jpg 1536w, https:\/\/archive.sana.sy\/es\/wp-content\/uploads\/2021\/07\/IMG_0073-2048x1303.jpg 2048w\" sizes=\"(max-width: 2560px) 100vw, 2560px\" \/><\/a>\n\t\t\t<\/div><\/figure><figure class='gallery-item'>\n\t\t\t<div class='gallery-icon landscape'>\n\t\t\t\t<a href='https:\/\/archive.sana.sy\/es\/?attachment_id=189619'><img loading=\"lazy\" decoding=\"async\" width=\"2560\" height=\"1707\" src=\"https:\/\/archive.sana.sy\/es\/wp-content\/uploads\/2021\/07\/IMG_0231-scaled.jpg\" class=\"attachment-full size-full\" alt=\"\" srcset=\"https:\/\/archive.sana.sy\/es\/wp-content\/uploads\/2021\/07\/IMG_0231-scaled.jpg 2560w, https:\/\/archive.sana.sy\/es\/wp-content\/uploads\/2021\/07\/IMG_0231-300x200.jpg 300w, https:\/\/archive.sana.sy\/es\/wp-content\/uploads\/2021\/07\/IMG_0231-1024x683.jpg 1024w, https:\/\/archive.sana.sy\/es\/wp-content\/uploads\/2021\/07\/IMG_0231-150x100.jpg 150w, https:\/\/archive.sana.sy\/es\/wp-content\/uploads\/2021\/07\/IMG_0231-768x512.jpg 768w, https:\/\/archive.sana.sy\/es\/wp-content\/uploads\/2021\/07\/IMG_0231-1536x1024.jpg 1536w, https:\/\/archive.sana.sy\/es\/wp-content\/uploads\/2021\/07\/IMG_0231-2048x1365.jpg 2048w\" sizes=\"(max-width: 2560px) 100vw, 2560px\" \/><\/a>\n\t\t\t<\/div><\/figure><figure class='gallery-item'>\n\t\t\t<div class='gallery-icon landscape'>\n\t\t\t\t<a href='https:\/\/archive.sana.sy\/es\/?attachment_id=189620'><img loading=\"lazy\" decoding=\"async\" width=\"2560\" height=\"1707\" src=\"https:\/\/archive.sana.sy\/es\/wp-content\/uploads\/2021\/07\/IMG_0295-scaled.jpg\" class=\"attachment-full size-full\" alt=\"\" srcset=\"https:\/\/archive.sana.sy\/es\/wp-content\/uploads\/2021\/07\/IMG_0295-scaled.jpg 2560w, https:\/\/archive.sana.sy\/es\/wp-content\/uploads\/2021\/07\/IMG_0295-300x200.jpg 300w, https:\/\/archive.sana.sy\/es\/wp-content\/uploads\/2021\/07\/IMG_0295-1024x683.jpg 1024w, https:\/\/archive.sana.sy\/es\/wp-content\/uploads\/2021\/07\/IMG_0295-150x100.jpg 150w, https:\/\/archive.sana.sy\/es\/wp-content\/uploads\/2021\/07\/IMG_0295-768x512.jpg 768w, https:\/\/archive.sana.sy\/es\/wp-content\/uploads\/2021\/07\/IMG_0295-1536x1024.jpg 1536w, https:\/\/archive.sana.sy\/es\/wp-content\/uploads\/2021\/07\/IMG_0295-2048x1365.jpg 2048w\" sizes=\"(max-width: 2560px) 100vw, 2560px\" \/><\/a>\n\t\t\t<\/div><\/figure><figure class='gallery-item'>\n\t\t\t<div class='gallery-icon landscape'>\n\t\t\t\t<a href='https:\/\/archive.sana.sy\/es\/?attachment_id=189621'><img loading=\"lazy\" decoding=\"async\" width=\"2560\" height=\"1707\" src=\"https:\/\/archive.sana.sy\/es\/wp-content\/uploads\/2021\/07\/IMG_0307-scaled.jpg\" class=\"attachment-full size-full\" alt=\"\" srcset=\"https:\/\/archive.sana.sy\/es\/wp-content\/uploads\/2021\/07\/IMG_0307-scaled.jpg 2560w, https:\/\/archive.sana.sy\/es\/wp-content\/uploads\/2021\/07\/IMG_0307-300x200.jpg 300w, https:\/\/archive.sana.sy\/es\/wp-content\/uploads\/2021\/07\/IMG_0307-1024x683.jpg 1024w, https:\/\/archive.sana.sy\/es\/wp-content\/uploads\/2021\/07\/IMG_0307-150x100.jpg 150w, https:\/\/archive.sana.sy\/es\/wp-content\/uploads\/2021\/07\/IMG_0307-768x512.jpg 768w, https:\/\/archive.sana.sy\/es\/wp-content\/uploads\/2021\/07\/IMG_0307-1536x1024.jpg 1536w, https:\/\/archive.sana.sy\/es\/wp-content\/uploads\/2021\/07\/IMG_0307-2048x1365.jpg 2048w\" sizes=\"(max-width: 2560px) 100vw, 2560px\" \/><\/a>\n\t\t\t<\/div><\/figure><figure class='gallery-item'>\n\t\t\t<div class='gallery-icon landscape'>\n\t\t\t\t<a href='https:\/\/archive.sana.sy\/es\/?attachment_id=189622'><img loading=\"lazy\" decoding=\"async\" width=\"2560\" height=\"1620\" src=\"https:\/\/archive.sana.sy\/es\/wp-content\/uploads\/2021\/07\/IMG_0396-scaled.jpg\" class=\"attachment-full size-full\" alt=\"\" srcset=\"https:\/\/archive.sana.sy\/es\/wp-content\/uploads\/2021\/07\/IMG_0396-scaled.jpg 2560w, https:\/\/archive.sana.sy\/es\/wp-content\/uploads\/2021\/07\/IMG_0396-300x190.jpg 300w, https:\/\/archive.sana.sy\/es\/wp-content\/uploads\/2021\/07\/IMG_0396-1024x648.jpg 1024w, https:\/\/archive.sana.sy\/es\/wp-content\/uploads\/2021\/07\/IMG_0396-150x95.jpg 150w, https:\/\/archive.sana.sy\/es\/wp-content\/uploads\/2021\/07\/IMG_0396-768x486.jpg 768w, https:\/\/archive.sana.sy\/es\/wp-content\/uploads\/2021\/07\/IMG_0396-1536x972.jpg 1536w, https:\/\/archive.sana.sy\/es\/wp-content\/uploads\/2021\/07\/IMG_0396-2048x1296.jpg 2048w\" sizes=\"(max-width: 2560px) 100vw, 2560px\" \/><\/a>\n\t\t\t<\/div><\/figure><figure class='gallery-item'>\n\t\t\t<div class='gallery-icon landscape'>\n\t\t\t\t<a href='https:\/\/archive.sana.sy\/es\/?attachment_id=189624'><img loading=\"lazy\" decoding=\"async\" width=\"2560\" height=\"1707\" src=\"https:\/\/archive.sana.sy\/es\/wp-content\/uploads\/2021\/07\/IMG_9989-scaled.jpg\" class=\"attachment-full size-full\" alt=\"\" srcset=\"https:\/\/archive.sana.sy\/es\/wp-content\/uploads\/2021\/07\/IMG_9989-scaled.jpg 2560w, https:\/\/archive.sana.sy\/es\/wp-content\/uploads\/2021\/07\/IMG_9989-300x200.jpg 300w, https:\/\/archive.sana.sy\/es\/wp-content\/uploads\/2021\/07\/IMG_9989-1024x683.jpg 1024w, https:\/\/archive.sana.sy\/es\/wp-content\/uploads\/2021\/07\/IMG_9989-150x100.jpg 150w, https:\/\/archive.sana.sy\/es\/wp-content\/uploads\/2021\/07\/IMG_9989-768x512.jpg 768w, https:\/\/archive.sana.sy\/es\/wp-content\/uploads\/2021\/07\/IMG_9989-1536x1024.jpg 1536w, https:\/\/archive.sana.sy\/es\/wp-content\/uploads\/2021\/07\/IMG_9989-2048x1365.jpg 2048w\" sizes=\"(max-width: 2560px) 100vw, 2560px\" \/><\/a>\n\t\t\t<\/div><\/figure><figure class='gallery-item'>\n\t\t\t<div class='gallery-icon landscape'>\n\t\t\t\t<a href='https:\/\/archive.sana.sy\/es\/?attachment_id=189640'><img loading=\"lazy\" decoding=\"async\" width=\"660\" height=\"462\" src=\"https:\/\/archive.sana.sy\/es\/wp-content\/uploads\/2021\/07\/igut7.jpg\" class=\"attachment-full size-full\" alt=\"\" srcset=\"https:\/\/archive.sana.sy\/es\/wp-content\/uploads\/2021\/07\/igut7.jpg 660w, https:\/\/archive.sana.sy\/es\/wp-content\/uploads\/2021\/07\/igut7-300x210.jpg 300w, https:\/\/archive.sana.sy\/es\/wp-content\/uploads\/2021\/07\/igut7-150x105.jpg 150w\" sizes=\"(max-width: 660px) 100vw, 660px\" \/><\/a>\n\t\t\t<\/div><\/figure><figure class='gallery-item'>\n\t\t\t<div class='gallery-icon landscape'>\n\t\t\t\t<a href='https:\/\/archive.sana.sy\/es\/?attachment_id=189641'><img loading=\"lazy\" decoding=\"async\" width=\"660\" height=\"370\" src=\"https:\/\/archive.sana.sy\/es\/wp-content\/uploads\/2021\/07\/ll-1.jpg\" class=\"attachment-full size-full\" alt=\"\" srcset=\"https:\/\/archive.sana.sy\/es\/wp-content\/uploads\/2021\/07\/ll-1.jpg 660w, https:\/\/archive.sana.sy\/es\/wp-content\/uploads\/2021\/07\/ll-1-300x168.jpg 300w, https:\/\/archive.sana.sy\/es\/wp-content\/uploads\/2021\/07\/ll-1-150x84.jpg 150w\" sizes=\"(max-width: 660px) 100vw, 660px\" \/><\/a>\n\t\t\t<\/div><\/figure><figure class='gallery-item'>\n\t\t\t<div class='gallery-icon landscape'>\n\t\t\t\t<a href='https:\/\/archive.sana.sy\/es\/?attachment_id=189642'><img loading=\"lazy\" decoding=\"async\" width=\"660\" height=\"411\" src=\"https:\/\/archive.sana.sy\/es\/wp-content\/uploads\/2021\/07\/nnn.jpg\" class=\"attachment-full size-full\" alt=\"\" srcset=\"https:\/\/archive.sana.sy\/es\/wp-content\/uploads\/2021\/07\/nnn.jpg 660w, https:\/\/archive.sana.sy\/es\/wp-content\/uploads\/2021\/07\/nnn-300x187.jpg 300w, https:\/\/archive.sana.sy\/es\/wp-content\/uploads\/2021\/07\/nnn-150x93.jpg 150w\" sizes=\"(max-width: 660px) 100vw, 660px\" \/><\/a>\n\t\t\t<\/div><\/figure>\n\t\t<\/div>\n\n<p style=\"text-align: justify;\"><span style=\"color: #0000ff;\"><strong>ws\/fm<\/strong><\/span><\/p>\n","protected":false},"excerpt":{"rendered":"<p>Deraa, SANA Los lugare\u00f1os de la localidad de Basir, a unos 50 km al norte de la provincia siria de Deraa, organizaron una ceremonia del juramento en la que expresaron su respaldo al presidente Bashar al-Assad. El acto comenz\u00f3 con tocar las notas del Himno Nacional sirio por la Orquesta del Ej\u00e9rcito \u00c1rabe Sirio, e &hellip;<\/p>\n","protected":false},"author":35,"featured_media":189626,"comment_status":"closed","ping_status":"closed","sticky":false,"template":"","format":"standard","meta":{"footnotes":""},"categories":[597,476,7541],"tags":[],"class_list":["post-189615","post","type-post","status-publish","format-standard","has-post-thumbnail","","category-cinta-de-noticias","category-locales","category-ultimas-noticias"],"_links":{"self":[{"href":"https:\/\/archive.sana.sy\/es\/index.php?rest_route=\/wp\/v2\/posts\/189615"}],"collection":[{"href":"https:\/\/archive.sana.sy\/es\/index.php?rest_route=\/wp\/v2\/posts"}],"about":[{"href":"https:\/\/archive.sana.sy\/es\/index.php?rest_route=\/wp\/v2\/types\/post"}],"author":[{"embeddable":true,"href":"https:\/\/archive.sana.sy\/es\/index.php?rest_route=\/wp\/v2\/users\/35"}],"replies":[{"embeddable":true,"href":"https:\/\/archive.sana.sy\/es\/index.php?rest_route=%2Fwp%2Fv2%2Fcomments&post=189615"}],"version-history":[{"count":0,"href":"https:\/\/archive.sana.sy\/es\/index.php?rest_route=\/wp\/v2\/posts\/189615\/revisions"}],"wp:featuredmedia":[{"embeddable":true,"href":"https:\/\/archive.sana.sy\/es\/index.php?rest_route=\/wp\/v2\/media\/189626"}],"wp:attachment":[{"href":"https:\/\/archive.sana.sy\/es\/index.php?rest_route=%2Fwp%2Fv2%2Fmedia&parent=189615"}],"wp:term":[{"taxonomy":"category","embeddable":true,"href":"https:\/\/archive.sana.sy\/es\/index.php?rest_route=%2Fwp%2Fv2%2Fcategories&post=189615"},{"taxonomy":"post_tag","embeddable":true,"href":"https:\/\/archive.sana.sy\/es\/index.php?rest_route=%2Fwp%2Fv2%2Ftags&post=189615"}],"curies":[{"name":"wp","href":"https:\/\/api.w.org\/{rel}","templated":true}]}}