{"id":189646,"date":"2021-07-19T13:52:46","date_gmt":"2021-07-19T10:52:46","guid":{"rendered":"http:\/\/107.6.182.27\/es\/?p=189646"},"modified":"2021-07-19T13:53:58","modified_gmt":"2021-07-19T10:53:58","slug":"con-la-participacion-de-siria-arranca-la-olimpiada-internacional-de-biologia","status":"publish","type":"post","link":"https:\/\/archive.sana.sy\/es\/?p=189646","title":{"rendered":"Con la participaci\u00f3n de Siria arranca la Olimpiada Internacional de Biolog\u00eda"},"content":{"rendered":"<p style=\"text-align: justify;\"><strong><span style=\"color: #800000;\">Damasco, SANA<\/span><\/strong><\/p>\n<p style=\"text-align: justify;\">Con la participaci\u00f3n de estudiantes de la Olimpiada Cient\u00edfica Siria, comenzaron las competiciones de la Olimpiada Mundial de Biolog\u00eda, organizada por Portugal telem\u00e1ticamente.<\/p>\n<p style=\"text-align: justify;\">Participan en la Olimpiada 296 estudiantes de 74 pa\u00edses de todo el mundo.<\/p>\n<p style=\"text-align: justify;\">La Agencia de Excelencia y Creatividad inform\u00f3 hoy en un comunicado que el equipo sirio est\u00e1 formado por 4 miembros y las competiciones se dividen en dos fases.<\/p>\n<p style=\"text-align: justify;\">Seg\u00fan el comunicado, los estudiantes se someter\u00e1n a ex\u00e1menes pr\u00e1cticos y te\u00f3ricos a nivel mundial.<\/p>\n<p style=\"text-align: justify;\">Cabe se\u00f1alar que los estudiantes de la Olimpiada de Ciencias de Siria participan por quinta vez en la Olimpiada Internacional de Biolog\u00eda.<\/p>\n<p style=\"text-align: justify;\"><strong><span style=\"color: #0000ff;\">ed\/fm<\/span><\/strong><\/p>\n<div id='gallery-1' class='gallery galleryid-189646 gallery-columns-1 gallery-size-full'><figure class='gallery-item'>\n\t\t\t<div class='gallery-icon landscape'>\n\t\t\t\t<a href='https:\/\/archive.sana.sy\/es\/wp-content\/uploads\/2021\/07\/syria-12.jpg'><img loading=\"lazy\" decoding=\"async\" width=\"660\" height=\"370\" src=\"https:\/\/archive.sana.sy\/es\/wp-content\/uploads\/2021\/07\/syria-12.jpg\" class=\"attachment-full size-full\" alt=\"\" srcset=\"https:\/\/archive.sana.sy\/es\/wp-content\/uploads\/2021\/07\/syria-12.jpg 660w, https:\/\/archive.sana.sy\/es\/wp-content\/uploads\/2021\/07\/syria-12-300x168.jpg 300w, https:\/\/archive.sana.sy\/es\/wp-content\/uploads\/2021\/07\/syria-12-150x84.jpg 150w\" sizes=\"(max-width: 660px) 100vw, 660px\" \/><\/a>\n\t\t\t<\/div><\/figure><figure class='gallery-item'>\n\t\t\t<div class='gallery-icon landscape'>\n\t\t\t\t<a href='https:\/\/archive.sana.sy\/es\/wp-content\/uploads\/2021\/07\/syrian-11.jpg'><img loading=\"lazy\" decoding=\"async\" width=\"660\" height=\"370\" src=\"https:\/\/archive.sana.sy\/es\/wp-content\/uploads\/2021\/07\/syrian-11.jpg\" class=\"attachment-full size-full\" alt=\"\" srcset=\"https:\/\/archive.sana.sy\/es\/wp-content\/uploads\/2021\/07\/syrian-11.jpg 660w, https:\/\/archive.sana.sy\/es\/wp-content\/uploads\/2021\/07\/syrian-11-300x168.jpg 300w, https:\/\/archive.sana.sy\/es\/wp-content\/uploads\/2021\/07\/syrian-11-150x84.jpg 150w\" sizes=\"(max-width: 660px) 100vw, 660px\" \/><\/a>\n\t\t\t<\/div><\/figure>\n\t\t<\/div>\n\n","protected":false},"excerpt":{"rendered":"<p>Damasco, SANA Con la participaci\u00f3n de estudiantes de la Olimpiada Cient\u00edfica Siria, comenzaron las competiciones de la Olimpiada Mundial de Biolog\u00eda, organizada por Portugal telem\u00e1ticamente. Participan en la Olimpiada 296 estudiantes de 74 pa\u00edses de todo el mundo. La Agencia de Excelencia y Creatividad inform\u00f3 hoy en un comunicado que el equipo sirio est\u00e1 formado &hellip;<\/p>\n","protected":false},"author":32,"featured_media":189647,"comment_status":"closed","ping_status":"closed","sticky":false,"template":"","format":"standard","meta":{"footnotes":""},"categories":[447,477,597,476,457,7541],"tags":[],"class_list":["post-189646","post","type-post","status-publish","format-standard","has-post-thumbnail","","category-local-politica","category-noticias-edulcorantes","category-cinta-de-noticias","category-locales","category-noticias-arabe-internacional-politica","category-ultimas-noticias"],"_links":{"self":[{"href":"https:\/\/archive.sana.sy\/es\/index.php?rest_route=\/wp\/v2\/posts\/189646"}],"collection":[{"href":"https:\/\/archive.sana.sy\/es\/index.php?rest_route=\/wp\/v2\/posts"}],"about":[{"href":"https:\/\/archive.sana.sy\/es\/index.php?rest_route=\/wp\/v2\/types\/post"}],"author":[{"embeddable":true,"href":"https:\/\/archive.sana.sy\/es\/index.php?rest_route=\/wp\/v2\/users\/32"}],"replies":[{"embeddable":true,"href":"https:\/\/archive.sana.sy\/es\/index.php?rest_route=%2Fwp%2Fv2%2Fcomments&post=189646"}],"version-history":[{"count":0,"href":"https:\/\/archive.sana.sy\/es\/index.php?rest_route=\/wp\/v2\/posts\/189646\/revisions"}],"wp:featuredmedia":[{"embeddable":true,"href":"https:\/\/archive.sana.sy\/es\/index.php?rest_route=\/wp\/v2\/media\/189647"}],"wp:attachment":[{"href":"https:\/\/archive.sana.sy\/es\/index.php?rest_route=%2Fwp%2Fv2%2Fmedia&parent=189646"}],"wp:term":[{"taxonomy":"category","embeddable":true,"href":"https:\/\/archive.sana.sy\/es\/index.php?rest_route=%2Fwp%2Fv2%2Fcategories&post=189646"},{"taxonomy":"post_tag","embeddable":true,"href":"https:\/\/archive.sana.sy\/es\/index.php?rest_route=%2Fwp%2Fv2%2Ftags&post=189646"}],"curies":[{"name":"wp","href":"https:\/\/api.w.org\/{rel}","templated":true}]}}