{"id":189717,"date":"2021-07-20T15:30:14","date_gmt":"2021-07-20T12:30:14","guid":{"rendered":"http:\/\/107.6.182.27\/es\/?p=189717"},"modified":"2023-01-10T14:27:27","modified_gmt":"2023-01-10T12:27:27","slug":"presidente-al-assad-reza-eid-al-adha-en-la-mezquita-de-khaled-ibn-al-walid-en-provincia-de-homs-fotos","status":"publish","type":"post","link":"https:\/\/archive.sana.sy\/es\/?p=189717","title":{"rendered":"Presidente al-Assad reza Eid Al-Adha en la mezquita de Khaled Ibn al-Walid en provincia de Homs (+fotos)"},"content":{"rendered":"<p style=\"text-align: justify\"><span style=\"color: #800000\"><strong>Homs, SANA <\/strong><\/span><\/p>\n<p style=\"text-align: justify\">El presidente Bashar al-Assad, efectu\u00f3 el rezo de Eid Al-Adha (fiesta musulmana del sacrificio) en la hist\u00f3rica mezquita de Khaled Ibn al-Walid, en la ciudad central de Homs.<\/p>\n<p style=\"text-align: justify\">Efectuaron el rezo con el presidente, el ministro de Asuntos religiosos (Awqaf), el Gran Muft\u00ed de la Rep\u00fablica, el gobernador de Homs, diputados en el Parlamento y cl\u00e9rigos religiosos.<\/p>\n<p style=\"text-align: justify\">El Im\u00e1n del rezo el Jeque Essam al-Masry, Director de Awqaf de Homs, pronunci\u00f3 el serm\u00f3n en el que resalt\u00f3 los sublimes significados de esta fiesta, que ense\u00f1a la gente los valores del sacrificio y la defensa de la patria.<\/p>\n<p style=\"text-align: justify\">La mezquita Khaled Ibn Al-Walid\u00a0 fue rehabilitada de los da\u00f1os que sufri\u00f3 por el terrorismo\u0648 y alberga los restos mortales del compa\u00f1ero del profeta Mahoma, Khaled Ibn Al-Walid.<\/p>\n<p style=\"text-align: justify\"><strong><span style=\"color: #0000ff\">fm<\/span><\/strong><\/p>\n<div id='gallery-1' class='gallery galleryid-189717 gallery-columns-1 gallery-size-full'><figure class='gallery-item'>\n\t\t\t<div class='gallery-icon landscape'>\n\t\t\t\t<a href='https:\/\/archive.sana.sy\/es\/wp-content\/uploads\/2021\/07\/photo_2021-07-20_08-10-52.jpg'><img loading=\"lazy\" decoding=\"async\" width=\"1280\" height=\"745\" src=\"https:\/\/archive.sana.sy\/es\/wp-content\/uploads\/2021\/07\/photo_2021-07-20_08-10-52.jpg\" class=\"attachment-full size-full\" alt=\"\" srcset=\"https:\/\/archive.sana.sy\/es\/wp-content\/uploads\/2021\/07\/photo_2021-07-20_08-10-52.jpg 1280w, https:\/\/archive.sana.sy\/es\/wp-content\/uploads\/2021\/07\/photo_2021-07-20_08-10-52-300x175.jpg 300w, https:\/\/archive.sana.sy\/es\/wp-content\/uploads\/2021\/07\/photo_2021-07-20_08-10-52-1024x596.jpg 1024w, https:\/\/archive.sana.sy\/es\/wp-content\/uploads\/2021\/07\/photo_2021-07-20_08-10-52-150x87.jpg 150w, https:\/\/archive.sana.sy\/es\/wp-content\/uploads\/2021\/07\/photo_2021-07-20_08-10-52-768x447.jpg 768w\" sizes=\"(max-width: 1280px) 100vw, 1280px\" \/><\/a>\n\t\t\t<\/div><\/figure><figure class='gallery-item'>\n\t\t\t<div class='gallery-icon landscape'>\n\t\t\t\t<a href='https:\/\/archive.sana.sy\/es\/wp-content\/uploads\/2021\/07\/photo_2021-07-20_08-10-42.jpg'><img loading=\"lazy\" decoding=\"async\" width=\"1280\" height=\"853\" src=\"https:\/\/archive.sana.sy\/es\/wp-content\/uploads\/2021\/07\/photo_2021-07-20_08-10-42.jpg\" class=\"attachment-full size-full\" alt=\"\" srcset=\"https:\/\/archive.sana.sy\/es\/wp-content\/uploads\/2021\/07\/photo_2021-07-20_08-10-42.jpg 1280w, https:\/\/archive.sana.sy\/es\/wp-content\/uploads\/2021\/07\/photo_2021-07-20_08-10-42-300x200.jpg 300w, https:\/\/archive.sana.sy\/es\/wp-content\/uploads\/2021\/07\/photo_2021-07-20_08-10-42-1024x682.jpg 1024w, https:\/\/archive.sana.sy\/es\/wp-content\/uploads\/2021\/07\/photo_2021-07-20_08-10-42-150x100.jpg 150w, https:\/\/archive.sana.sy\/es\/wp-content\/uploads\/2021\/07\/photo_2021-07-20_08-10-42-768x512.jpg 768w\" sizes=\"(max-width: 1280px) 100vw, 1280px\" \/><\/a>\n\t\t\t<\/div><\/figure><figure class='gallery-item'>\n\t\t\t<div class='gallery-icon landscape'>\n\t\t\t\t<a href='https:\/\/archive.sana.sy\/es\/wp-content\/uploads\/2021\/07\/photo_2021-07-20_08-11-02.jpg'><img loading=\"lazy\" decoding=\"async\" width=\"1280\" height=\"853\" src=\"https:\/\/archive.sana.sy\/es\/wp-content\/uploads\/2021\/07\/photo_2021-07-20_08-11-02.jpg\" class=\"attachment-full size-full\" alt=\"\" srcset=\"https:\/\/archive.sana.sy\/es\/wp-content\/uploads\/2021\/07\/photo_2021-07-20_08-11-02.jpg 1280w, https:\/\/archive.sana.sy\/es\/wp-content\/uploads\/2021\/07\/photo_2021-07-20_08-11-02-300x200.jpg 300w, https:\/\/archive.sana.sy\/es\/wp-content\/uploads\/2021\/07\/photo_2021-07-20_08-11-02-1024x682.jpg 1024w, https:\/\/archive.sana.sy\/es\/wp-content\/uploads\/2021\/07\/photo_2021-07-20_08-11-02-150x100.jpg 150w, https:\/\/archive.sana.sy\/es\/wp-content\/uploads\/2021\/07\/photo_2021-07-20_08-11-02-768x512.jpg 768w\" sizes=\"(max-width: 1280px) 100vw, 1280px\" \/><\/a>\n\t\t\t<\/div><\/figure><figure class='gallery-item'>\n\t\t\t<div class='gallery-icon landscape'>\n\t\t\t\t<a href='https:\/\/archive.sana.sy\/es\/wp-content\/uploads\/2021\/07\/photo_2021-07-20_08-10-49.jpg'><img loading=\"lazy\" decoding=\"async\" width=\"1280\" height=\"853\" src=\"https:\/\/archive.sana.sy\/es\/wp-content\/uploads\/2021\/07\/photo_2021-07-20_08-10-49.jpg\" class=\"attachment-full size-full\" alt=\"\" srcset=\"https:\/\/archive.sana.sy\/es\/wp-content\/uploads\/2021\/07\/photo_2021-07-20_08-10-49.jpg 1280w, https:\/\/archive.sana.sy\/es\/wp-content\/uploads\/2021\/07\/photo_2021-07-20_08-10-49-300x200.jpg 300w, https:\/\/archive.sana.sy\/es\/wp-content\/uploads\/2021\/07\/photo_2021-07-20_08-10-49-1024x682.jpg 1024w, https:\/\/archive.sana.sy\/es\/wp-content\/uploads\/2021\/07\/photo_2021-07-20_08-10-49-150x100.jpg 150w, https:\/\/archive.sana.sy\/es\/wp-content\/uploads\/2021\/07\/photo_2021-07-20_08-10-49-768x512.jpg 768w\" sizes=\"(max-width: 1280px) 100vw, 1280px\" \/><\/a>\n\t\t\t<\/div><\/figure><figure class='gallery-item'>\n\t\t\t<div class='gallery-icon landscape'>\n\t\t\t\t<a href='https:\/\/archive.sana.sy\/es\/wp-content\/uploads\/2021\/07\/photo_2021-07-20_08-10-57.jpg'><img loading=\"lazy\" decoding=\"async\" width=\"1280\" height=\"853\" src=\"https:\/\/archive.sana.sy\/es\/wp-content\/uploads\/2021\/07\/photo_2021-07-20_08-10-57.jpg\" class=\"attachment-full size-full\" alt=\"\" srcset=\"https:\/\/archive.sana.sy\/es\/wp-content\/uploads\/2021\/07\/photo_2021-07-20_08-10-57.jpg 1280w, https:\/\/archive.sana.sy\/es\/wp-content\/uploads\/2021\/07\/photo_2021-07-20_08-10-57-300x200.jpg 300w, https:\/\/archive.sana.sy\/es\/wp-content\/uploads\/2021\/07\/photo_2021-07-20_08-10-57-1024x682.jpg 1024w, https:\/\/archive.sana.sy\/es\/wp-content\/uploads\/2021\/07\/photo_2021-07-20_08-10-57-150x100.jpg 150w, https:\/\/archive.sana.sy\/es\/wp-content\/uploads\/2021\/07\/photo_2021-07-20_08-10-57-768x512.jpg 768w\" sizes=\"(max-width: 1280px) 100vw, 1280px\" \/><\/a>\n\t\t\t<\/div><\/figure><figure class='gallery-item'>\n\t\t\t<div class='gallery-icon landscape'>\n\t\t\t\t<a href='https:\/\/archive.sana.sy\/es\/wp-content\/uploads\/2021\/07\/photo_2021-07-20_08-11-18.jpg'><img loading=\"lazy\" decoding=\"async\" width=\"1280\" height=\"775\" src=\"https:\/\/archive.sana.sy\/es\/wp-content\/uploads\/2021\/07\/photo_2021-07-20_08-11-18.jpg\" class=\"attachment-full size-full\" alt=\"\" srcset=\"https:\/\/archive.sana.sy\/es\/wp-content\/uploads\/2021\/07\/photo_2021-07-20_08-11-18.jpg 1280w, https:\/\/archive.sana.sy\/es\/wp-content\/uploads\/2021\/07\/photo_2021-07-20_08-11-18-300x182.jpg 300w, https:\/\/archive.sana.sy\/es\/wp-content\/uploads\/2021\/07\/photo_2021-07-20_08-11-18-1024x620.jpg 1024w, https:\/\/archive.sana.sy\/es\/wp-content\/uploads\/2021\/07\/photo_2021-07-20_08-11-18-150x91.jpg 150w, https:\/\/archive.sana.sy\/es\/wp-content\/uploads\/2021\/07\/photo_2021-07-20_08-11-18-768x465.jpg 768w\" sizes=\"(max-width: 1280px) 100vw, 1280px\" \/><\/a>\n\t\t\t<\/div><\/figure>\n\t\t<\/div>\n\n","protected":false},"excerpt":{"rendered":"<p>Homs, SANA El presidente Bashar al-Assad, efectu\u00f3 el rezo de Eid Al-Adha (fiesta musulmana del sacrificio) en la hist\u00f3rica mezquita de Khaled Ibn al-Walid, en la ciudad central de Homs. Efectuaron el rezo con el presidente, el ministro de Asuntos religiosos (Awqaf), el Gran Muft\u00ed de la Rep\u00fablica, el gobernador de Homs, diputados en el &hellip;<\/p>\n","protected":false},"author":34,"featured_media":189718,"comment_status":"closed","ping_status":"closed","sticky":false,"template":"","format":"standard","meta":{"footnotes":""},"categories":[477,447,597,476,457,583],"tags":[],"class_list":["post-189717","post","type-post","status-publish","format-standard","has-post-thumbnail","","category-noticias-edulcorantes","category-local-politica","category-cinta-de-noticias","category-locales","category-noticias-arabe-internacional-politica","category-slide"],"_links":{"self":[{"href":"https:\/\/archive.sana.sy\/es\/index.php?rest_route=\/wp\/v2\/posts\/189717"}],"collection":[{"href":"https:\/\/archive.sana.sy\/es\/index.php?rest_route=\/wp\/v2\/posts"}],"about":[{"href":"https:\/\/archive.sana.sy\/es\/index.php?rest_route=\/wp\/v2\/types\/post"}],"author":[{"embeddable":true,"href":"https:\/\/archive.sana.sy\/es\/index.php?rest_route=\/wp\/v2\/users\/34"}],"replies":[{"embeddable":true,"href":"https:\/\/archive.sana.sy\/es\/index.php?rest_route=%2Fwp%2Fv2%2Fcomments&post=189717"}],"version-history":[{"count":0,"href":"https:\/\/archive.sana.sy\/es\/index.php?rest_route=\/wp\/v2\/posts\/189717\/revisions"}],"wp:featuredmedia":[{"embeddable":true,"href":"https:\/\/archive.sana.sy\/es\/index.php?rest_route=\/wp\/v2\/media\/189718"}],"wp:attachment":[{"href":"https:\/\/archive.sana.sy\/es\/index.php?rest_route=%2Fwp%2Fv2%2Fmedia&parent=189717"}],"wp:term":[{"taxonomy":"category","embeddable":true,"href":"https:\/\/archive.sana.sy\/es\/index.php?rest_route=%2Fwp%2Fv2%2Fcategories&post=189717"},{"taxonomy":"post_tag","embeddable":true,"href":"https:\/\/archive.sana.sy\/es\/index.php?rest_route=%2Fwp%2Fv2%2Ftags&post=189717"}],"curies":[{"name":"wp","href":"https:\/\/api.w.org\/{rel}","templated":true}]}}