{"id":189752,"date":"2021-07-20T12:39:08","date_gmt":"2021-07-20T09:39:08","guid":{"rendered":"http:\/\/107.6.182.27\/es\/?p=189752"},"modified":"2023-01-12T14:40:47","modified_gmt":"2023-01-12T12:40:47","slug":"detenidos-palestinos-continuan-huelga-de-hambre-en-protesta-por-crimenes-del-ocupante-israeli","status":"publish","type":"post","link":"https:\/\/archive.sana.sy\/es\/?p=189752","title":{"rendered":"Detenidos palestinos contin\u00faan huelga de hambre en protesta por cr\u00edmenes del ocupante israel\u00ed"},"content":{"rendered":"<p style=\"text-align: justify\"><span style=\"color: #800000\">Jerusal\u00e9n ocupada, SANA<\/span><\/p>\n<p style=\"text-align: justify\">Once detenidos palestinos han continuado su huelga de hambre en protesta por los continuos cr\u00edmenes del ocupante israel\u00ed contra los detenidos.<\/p>\n<p style=\"text-align: justify\">La agencia de noticias palestina \u201cWafa\u201d cit\u00f3 a la organizaci\u00f3n \u201cNadi al-Asir\u201d diciendo en un comunicado que los detenidos Salem Zaidat, Muhammad Zughayer, Mujahid Hamed, Muhammad Emar y Nidal Muflih Khalaf prosiguen su huelga de hambre por el noveno d\u00eda, mientras que Mahmoud al-Fasfous, Guevara al-Namoura, Moayad al-Khatib, Raafat al-Darawish y Kayed al-Fsfus se mantienen sin comida por el sexto d\u00eda.<\/p>\n<p style=\"text-align: justify\">Precis\u00f3 que el detenido Muntasir Billah Abu Azum se sum\u00f3 a la huelga hace dos d\u00edas.<\/p>\n<p style=\"text-align: justify\">Unos 5.300 palestinos dentro de las c\u00e1rceles israel\u00edes enfrentan duras condiciones de detenci\u00f3n, entre los cuales 550 necesitan una intervenci\u00f3n m\u00e9dica urgente.<\/p>\n<p style=\"text-align: justify\"><span style=\"color: #0000ff\"><em><strong>la<\/strong><\/em><\/span><\/p>\n","protected":false},"excerpt":{"rendered":"<p>Jerusal\u00e9n ocupada, SANA Once detenidos palestinos han continuado su huelga de hambre en protesta por los continuos cr\u00edmenes del ocupante israel\u00ed contra los detenidos. La agencia de noticias palestina \u201cWafa\u201d cit\u00f3 a la organizaci\u00f3n \u201cNadi al-Asir\u201d diciendo en un comunicado que los detenidos Salem Zaidat, Muhammad Zughayer, Mujahid Hamed, Muhammad Emar y Nidal Muflih Khalaf &hellip;<\/p>\n","protected":false},"author":24,"featured_media":189753,"comment_status":"closed","ping_status":"closed","sticky":false,"template":"","format":"standard","meta":{"footnotes":""},"categories":[597,456,7541],"tags":[],"class_list":["post-189752","post","type-post","status-publish","format-standard","has-post-thumbnail","","category-cinta-de-noticias","category-arabe-internacional-politica","category-ultimas-noticias"],"_links":{"self":[{"href":"https:\/\/archive.sana.sy\/es\/index.php?rest_route=\/wp\/v2\/posts\/189752"}],"collection":[{"href":"https:\/\/archive.sana.sy\/es\/index.php?rest_route=\/wp\/v2\/posts"}],"about":[{"href":"https:\/\/archive.sana.sy\/es\/index.php?rest_route=\/wp\/v2\/types\/post"}],"author":[{"embeddable":true,"href":"https:\/\/archive.sana.sy\/es\/index.php?rest_route=\/wp\/v2\/users\/24"}],"replies":[{"embeddable":true,"href":"https:\/\/archive.sana.sy\/es\/index.php?rest_route=%2Fwp%2Fv2%2Fcomments&post=189752"}],"version-history":[{"count":0,"href":"https:\/\/archive.sana.sy\/es\/index.php?rest_route=\/wp\/v2\/posts\/189752\/revisions"}],"wp:featuredmedia":[{"embeddable":true,"href":"https:\/\/archive.sana.sy\/es\/index.php?rest_route=\/wp\/v2\/media\/189753"}],"wp:attachment":[{"href":"https:\/\/archive.sana.sy\/es\/index.php?rest_route=%2Fwp%2Fv2%2Fmedia&parent=189752"}],"wp:term":[{"taxonomy":"category","embeddable":true,"href":"https:\/\/archive.sana.sy\/es\/index.php?rest_route=%2Fwp%2Fv2%2Fcategories&post=189752"},{"taxonomy":"post_tag","embeddable":true,"href":"https:\/\/archive.sana.sy\/es\/index.php?rest_route=%2Fwp%2Fv2%2Ftags&post=189752"}],"curies":[{"name":"wp","href":"https:\/\/api.w.org\/{rel}","templated":true}]}}