{"id":189771,"date":"2021-07-20T15:30:58","date_gmt":"2021-07-20T12:30:58","guid":{"rendered":"http:\/\/107.6.182.27\/es\/?p=189771"},"modified":"2021-07-20T17:04:05","modified_gmt":"2021-07-20T14:04:05","slug":"cancilleria-siria-los-ataques-terroristas-del-ente-israeli-no-lograran-salvaguardar-a-sus-agentes-los-terroristas-del-frente-de-al-nousra-de-daesh-y-de-los-cascos-blancos-asi-como-no-impediran-la","status":"publish","type":"post","link":"https:\/\/archive.sana.sy\/es\/?p=189771","title":{"rendered":"Canciller\u00eda siria: Los ataques terroristas del ente israel\u00ed no lograr\u00e1n salvaguardar a sus agentes, los terroristas del Frente de al-Nousra, de DAESH y de los Cascos Blancos, as\u00ed como no impedir\u00e1n la lucha desatada por el Ej\u00e9rcito sirio contra este flagelo y sus patrocinadores"},"content":{"rendered":"","protected":false},"excerpt":{"rendered":"","protected":false},"author":24,"featured_media":0,"comment_status":"closed","ping_status":"closed","sticky":false,"template":"","format":"standard","meta":{"footnotes":""},"categories":[596],"tags":[],"class_list":["post-189771","post","type-post","status-publish","format-standard","","category-urgente"],"_links":{"self":[{"href":"https:\/\/archive.sana.sy\/es\/index.php?rest_route=\/wp\/v2\/posts\/189771"}],"collection":[{"href":"https:\/\/archive.sana.sy\/es\/index.php?rest_route=\/wp\/v2\/posts"}],"about":[{"href":"https:\/\/archive.sana.sy\/es\/index.php?rest_route=\/wp\/v2\/types\/post"}],"author":[{"embeddable":true,"href":"https:\/\/archive.sana.sy\/es\/index.php?rest_route=\/wp\/v2\/users\/24"}],"replies":[{"embeddable":true,"href":"https:\/\/archive.sana.sy\/es\/index.php?rest_route=%2Fwp%2Fv2%2Fcomments&post=189771"}],"version-history":[{"count":0,"href":"https:\/\/archive.sana.sy\/es\/index.php?rest_route=\/wp\/v2\/posts\/189771\/revisions"}],"wp:attachment":[{"href":"https:\/\/archive.sana.sy\/es\/index.php?rest_route=%2Fwp%2Fv2%2Fmedia&parent=189771"}],"wp:term":[{"taxonomy":"category","embeddable":true,"href":"https:\/\/archive.sana.sy\/es\/index.php?rest_route=%2Fwp%2Fv2%2Fcategories&post=189771"},{"taxonomy":"post_tag","embeddable":true,"href":"https:\/\/archive.sana.sy\/es\/index.php?rest_route=%2Fwp%2Fv2%2Ftags&post=189771"}],"curies":[{"name":"wp","href":"https:\/\/api.w.org\/{rel}","templated":true}]}}