{"id":189773,"date":"2021-07-20T17:01:31","date_gmt":"2021-07-20T14:01:31","guid":{"rendered":"http:\/\/107.6.182.27\/es\/?p=189773"},"modified":"2023-01-10T14:27:27","modified_gmt":"2023-01-10T12:27:27","slug":"agresiones-israelies-no-lograran-impedir-la-lucha-antiterrorista-ni-salvaguardar-a-los-terroristas-confirma-siria","status":"publish","type":"post","link":"https:\/\/archive.sana.sy\/es\/?p=189773","title":{"rendered":"Agresiones israel\u00edes no lograr\u00e1n impedir la lucha antiterrorista ni salvaguardar a los terroristas, confirma Siria"},"content":{"rendered":"<p style=\"text-align: justify\"><span style=\"color: #800000\">Damasco, SANA<\/span><\/p>\n<p style=\"text-align: justify\">Siria confirm\u00f3 que los ataques terroristas del ente israel\u00ed no lograr\u00e1n salvaguardar a sus agentes, los terroristas del Frente de al-Nousra, DAEH y los Cascos Blancos, ni podr\u00e1n impedir la lucha desatada por el Ej\u00e9rcito sirio contra el flagelo del terrorismo y sus patrocinadores.<\/p>\n<p style=\"text-align: justify\">En comunicado emitido este martes, el Ministerio de Relaciones Exteriores y Expatriados inform\u00f3 que a las 23.37 minutos de la noche de ayer, la v\u00edspera de la sagrada fiesta de al-Adha, el ente israel\u00ed atac\u00f3 con misiles la zona de al-Safira en el sureste de la provincia Alepo.<\/p>\n<p style=\"text-align: justify\">\u201cEsta agresi\u00f3n coincidi\u00f3 tambi\u00e9n con bombardeos lanzados por los terroristas de al-Nousra contra \u00e1reas en Alepo y el norte de Hama, desde sus focos en la provincia de Idlib, que controlan como resultado del apoyo incondicional y la financiaci\u00f3n brindados por los ocupantes estadounidenses y turcos a esta organizaci\u00f3n terrorista, junto con otras vinculadas con &#8220;Israel&#8221;\u201d, denunci\u00f3.<\/p>\n<p style=\"text-align: justify\">Asever\u00f3 que la Rep\u00fablica \u00c1rabe Siria considera esta agresi\u00f3n como una declaraci\u00f3n de derrota por parte del proyecto subversivo occidental-israel\u00ed, y por lo tanto advierte a &#8220;Israel&#8221; de las peligrosas repercusiones de sus persistentes agresiones que est\u00e1 cometiendo bajo falsos pretextos, de su apoyo a los bandos terroristas en Siria y de mantener la ocupaci\u00f3n de algunos territorios \u00e1rabes, incluido el Gol\u00e1n sirio ocupado.<\/p>\n<p style=\"text-align: justify\">Concluy\u00f3 exigiendo al Consejo de Seguridad asumir sus responsabilidades de preservar la paz y seguridad internacionales, condenar estas agresiones israel\u00edes, tomar firmes medidas para que no se repitan, e incriminar a sus cometedores.<\/p>\n<p style=\"text-align: justify\"><span style=\"color: #0000ff\"><em><strong>la<\/strong><\/em><\/span><\/p>\n","protected":false},"excerpt":{"rendered":"<p>Damasco, SANA Siria confirm\u00f3 que los ataques terroristas del ente israel\u00ed no lograr\u00e1n salvaguardar a sus agentes, los terroristas del Frente de al-Nousra, DAEH y los Cascos Blancos, ni podr\u00e1n impedir la lucha desatada por el Ej\u00e9rcito sirio contra el flagelo del terrorismo y sus patrocinadores. En comunicado emitido este martes, el Ministerio de Relaciones &hellip;<\/p>\n","protected":false},"author":24,"featured_media":189774,"comment_status":"closed","ping_status":"closed","sticky":false,"template":"","format":"standard","meta":{"footnotes":""},"categories":[447,597,476,7541],"tags":[],"class_list":["post-189773","post","type-post","status-publish","format-standard","has-post-thumbnail","","category-local-politica","category-cinta-de-noticias","category-locales","category-ultimas-noticias"],"_links":{"self":[{"href":"https:\/\/archive.sana.sy\/es\/index.php?rest_route=\/wp\/v2\/posts\/189773"}],"collection":[{"href":"https:\/\/archive.sana.sy\/es\/index.php?rest_route=\/wp\/v2\/posts"}],"about":[{"href":"https:\/\/archive.sana.sy\/es\/index.php?rest_route=\/wp\/v2\/types\/post"}],"author":[{"embeddable":true,"href":"https:\/\/archive.sana.sy\/es\/index.php?rest_route=\/wp\/v2\/users\/24"}],"replies":[{"embeddable":true,"href":"https:\/\/archive.sana.sy\/es\/index.php?rest_route=%2Fwp%2Fv2%2Fcomments&post=189773"}],"version-history":[{"count":0,"href":"https:\/\/archive.sana.sy\/es\/index.php?rest_route=\/wp\/v2\/posts\/189773\/revisions"}],"wp:featuredmedia":[{"embeddable":true,"href":"https:\/\/archive.sana.sy\/es\/index.php?rest_route=\/wp\/v2\/media\/189774"}],"wp:attachment":[{"href":"https:\/\/archive.sana.sy\/es\/index.php?rest_route=%2Fwp%2Fv2%2Fmedia&parent=189773"}],"wp:term":[{"taxonomy":"category","embeddable":true,"href":"https:\/\/archive.sana.sy\/es\/index.php?rest_route=%2Fwp%2Fv2%2Fcategories&post=189773"},{"taxonomy":"post_tag","embeddable":true,"href":"https:\/\/archive.sana.sy\/es\/index.php?rest_route=%2Fwp%2Fv2%2Ftags&post=189773"}],"curies":[{"name":"wp","href":"https:\/\/api.w.org\/{rel}","templated":true}]}}