{"id":189776,"date":"2021-07-20T15:25:19","date_gmt":"2021-07-20T12:25:19","guid":{"rendered":"http:\/\/107.6.182.27\/es\/?p=189776"},"modified":"2023-01-12T14:40:47","modified_gmt":"2023-01-12T12:40:47","slug":"ocupante-israeli-ataca-con-12-proyectiles-areas-en-el-sur-del-libano","status":"publish","type":"post","link":"https:\/\/archive.sana.sy\/es\/?p=189776","title":{"rendered":"Ocupante israel\u00ed ataca con 12 proyectiles \u00e1reas en el sur del L\u00edbano"},"content":{"rendered":"<p style=\"text-align: justify\"><span style=\"color: #800000\">Beirut, SANA<\/span><\/p>\n<p style=\"text-align: justify\">El Comando del Ej\u00e9rcito Liban\u00e9s declar\u00f3 que la zona de Wadi Hamul en el sur del L\u00edbano, fue bombardeada esta madrugada por la artiller\u00eda del enemigo israel\u00ed.<\/p>\n<p style=\"text-align: justify\">Confirm\u00f3 que los bombardeos no provocaron v\u00edctimas o da\u00f1os materiales.<\/p>\n<p style=\"text-align: justify\">Agreg\u00f3 que la artiller\u00eda israel\u00ed atac\u00f3 la referida zona con 12 proyectiles (155 calibre) bajo el pretexto de responder a dos misiles que impactaron en el territorio ocupado procedentes del L\u00edbano.<\/p>\n<p style=\"text-align: justify\"><span style=\"color: #0000ff\"><em><strong>la<\/strong><\/em><\/span><\/p>\n","protected":false},"excerpt":{"rendered":"<p>Beirut, SANA El Comando del Ej\u00e9rcito Liban\u00e9s declar\u00f3 que la zona de Wadi Hamul en el sur del L\u00edbano, fue bombardeada esta madrugada por la artiller\u00eda del enemigo israel\u00ed. Confirm\u00f3 que los bombardeos no provocaron v\u00edctimas o da\u00f1os materiales. Agreg\u00f3 que la artiller\u00eda israel\u00ed atac\u00f3 la referida zona con 12 proyectiles (155 calibre) bajo el &hellip;<\/p>\n","protected":false},"author":24,"featured_media":189781,"comment_status":"closed","ping_status":"closed","sticky":false,"template":"","format":"standard","meta":{"footnotes":""},"categories":[597,456,7541],"tags":[],"class_list":["post-189776","post","type-post","status-publish","format-standard","has-post-thumbnail","","category-cinta-de-noticias","category-arabe-internacional-politica","category-ultimas-noticias"],"_links":{"self":[{"href":"https:\/\/archive.sana.sy\/es\/index.php?rest_route=\/wp\/v2\/posts\/189776"}],"collection":[{"href":"https:\/\/archive.sana.sy\/es\/index.php?rest_route=\/wp\/v2\/posts"}],"about":[{"href":"https:\/\/archive.sana.sy\/es\/index.php?rest_route=\/wp\/v2\/types\/post"}],"author":[{"embeddable":true,"href":"https:\/\/archive.sana.sy\/es\/index.php?rest_route=\/wp\/v2\/users\/24"}],"replies":[{"embeddable":true,"href":"https:\/\/archive.sana.sy\/es\/index.php?rest_route=%2Fwp%2Fv2%2Fcomments&post=189776"}],"version-history":[{"count":0,"href":"https:\/\/archive.sana.sy\/es\/index.php?rest_route=\/wp\/v2\/posts\/189776\/revisions"}],"wp:featuredmedia":[{"embeddable":true,"href":"https:\/\/archive.sana.sy\/es\/index.php?rest_route=\/wp\/v2\/media\/189781"}],"wp:attachment":[{"href":"https:\/\/archive.sana.sy\/es\/index.php?rest_route=%2Fwp%2Fv2%2Fmedia&parent=189776"}],"wp:term":[{"taxonomy":"category","embeddable":true,"href":"https:\/\/archive.sana.sy\/es\/index.php?rest_route=%2Fwp%2Fv2%2Fcategories&post=189776"},{"taxonomy":"post_tag","embeddable":true,"href":"https:\/\/archive.sana.sy\/es\/index.php?rest_route=%2Fwp%2Fv2%2Ftags&post=189776"}],"curies":[{"name":"wp","href":"https:\/\/api.w.org\/{rel}","templated":true}]}}