{"id":189791,"date":"2021-07-20T18:54:47","date_gmt":"2021-07-20T15:54:47","guid":{"rendered":"http:\/\/107.6.182.27\/es\/?p=189791"},"modified":"2023-01-10T14:27:27","modified_gmt":"2023-01-10T12:27:27","slug":"terroristas-del-frente-de-al-nousra-atacan-localidad-de-nubbul-y-causan-dos-heridos","status":"publish","type":"post","link":"https:\/\/archive.sana.sy\/es\/?p=189791","title":{"rendered":"Muere mujer por nuevo ataque terrorista contra Nubul en norte de Alepo"},"content":{"rendered":"<p style=\"text-align: justify;\"><strong><span style=\"color: #800000;\">Alepo, SANA<\/span><\/strong><\/p>\n<p style=\"text-align: justify;\">Una mujer perdi\u00f3 la vida y una ni\u00f1a result\u00f3 herida por un bombardeo terrorista con cohetes contra la localidad de Nubul, a unos 20 kil\u00f3metros al noroeste de la ciudad de Alepo .<\/p>\n<p style=\"text-align: justify;\">Los yihadistas desplegados en el campo sure\u00f1o y suroeste de Alepo atacaron con cohetes las viviendas de la referida localidad lo que provoc\u00f3 p\u00e9rdidas materiales y v\u00edctimas civiles, informaron activistas citados por SANA.<\/p>\n<p style=\"text-align: justify;\">Grupos terroristas, afiliados en su mayor\u00eda al Frente al-Nusra, desplegados en el campo occidental y suroeste de la provincia de Alepo, atacan repetidamente las zonas residenciales seguras cercanas.<\/p>\n<p style=\"text-align: justify;\"><span style=\"color: #0000ff;\"><em><strong>La\/ fm\/ ws<\/strong><\/em><\/span><\/p>\n","protected":false},"excerpt":{"rendered":"<p>Alepo, SANA Una mujer perdi\u00f3 la vida y una ni\u00f1a result\u00f3 herida por un bombardeo terrorista con cohetes contra la localidad de Nubul, a unos 20 kil\u00f3metros al noroeste de la ciudad de Alepo . Los yihadistas desplegados en el campo sure\u00f1o y suroeste de Alepo atacaron con cohetes las viviendas de la referida localidad &hellip;<\/p>\n","protected":false},"author":24,"featured_media":189792,"comment_status":"closed","ping_status":"closed","sticky":false,"template":"","format":"standard","meta":{"footnotes":""},"categories":[447,597,573,476,7541],"tags":[],"class_list":["post-189791","post","type-post","status-publish","format-standard","has-post-thumbnail","","category-local-politica","category-cinta-de-noticias","category-la-realidad-de-los-acontecimientos-en-siria","category-locales","category-ultimas-noticias"],"_links":{"self":[{"href":"https:\/\/archive.sana.sy\/es\/index.php?rest_route=\/wp\/v2\/posts\/189791"}],"collection":[{"href":"https:\/\/archive.sana.sy\/es\/index.php?rest_route=\/wp\/v2\/posts"}],"about":[{"href":"https:\/\/archive.sana.sy\/es\/index.php?rest_route=\/wp\/v2\/types\/post"}],"author":[{"embeddable":true,"href":"https:\/\/archive.sana.sy\/es\/index.php?rest_route=\/wp\/v2\/users\/24"}],"replies":[{"embeddable":true,"href":"https:\/\/archive.sana.sy\/es\/index.php?rest_route=%2Fwp%2Fv2%2Fcomments&post=189791"}],"version-history":[{"count":0,"href":"https:\/\/archive.sana.sy\/es\/index.php?rest_route=\/wp\/v2\/posts\/189791\/revisions"}],"wp:featuredmedia":[{"embeddable":true,"href":"https:\/\/archive.sana.sy\/es\/index.php?rest_route=\/wp\/v2\/media\/189792"}],"wp:attachment":[{"href":"https:\/\/archive.sana.sy\/es\/index.php?rest_route=%2Fwp%2Fv2%2Fmedia&parent=189791"}],"wp:term":[{"taxonomy":"category","embeddable":true,"href":"https:\/\/archive.sana.sy\/es\/index.php?rest_route=%2Fwp%2Fv2%2Fcategories&post=189791"},{"taxonomy":"post_tag","embeddable":true,"href":"https:\/\/archive.sana.sy\/es\/index.php?rest_route=%2Fwp%2Fv2%2Ftags&post=189791"}],"curies":[{"name":"wp","href":"https:\/\/api.w.org\/{rel}","templated":true}]}}