{"id":190049,"date":"2021-07-23T10:16:01","date_gmt":"2021-07-23T07:16:01","guid":{"rendered":"http:\/\/107.6.182.27\/es\/?p=190049"},"modified":"2023-01-12T14:40:46","modified_gmt":"2023-01-12T12:40:46","slug":"estados-unidos-e-iraq-acuerdan-retirada-de-fuerzas-estadounidenses","status":"publish","type":"post","link":"https:\/\/archive.sana.sy\/es\/?p=190049","title":{"rendered":"Estados Unidos e Iraq Acuerdan retirada de fuerzas estadounidenses"},"content":{"rendered":"<p style=\"text-align: justify;\"><span style=\"color: #800000;\"><strong>Washington, SANA<\/strong><\/span><\/p>\n<p style=\"text-align: justify;\">Altos funcionarios de los gobiernos de Estados Unidos e Iraq anunciaron hoy su intenci\u00f3n de emitir una declaraci\u00f3n conjunta que prev\u00e9 la retirada de las tropas estadounidenses de Iraq a finales de 2021.<\/p>\n<p style=\"text-align: justify;\">&#8220;No necesitamos m\u00e1s tropas, sino necesitamos cooperaci\u00f3n de inteligencia&#8221;, dijo el ministro de Exteriores iraqu\u00ed, Fouad Hussein, citado por el peri\u00f3dico estadounidense Wall Street Journal.<\/p>\n<p style=\"text-align: justify;\">Seg\u00fan el rotativo, el canciller iraqu\u00ed agreg\u00f3 que su pa\u00eds necesita asistencia de entrenamiento y apoyo a\u00e9reo.<\/p>\n<p style=\"text-align: justify;\">La declaraci\u00f3n est\u00e1 programada para ser emitida como parte de la visita del primer ministro iraqu\u00ed, Mustafa al-Kadhimi, a Washington el pr\u00f3ximo lunes.<\/p>\n<p style=\"text-align: justify;\">El portavoz del comandante en jefe de las Fuerzas Armadas iraqu\u00edes, el mayor general Yahya Rasool, dijo en abril que su pa\u00eds no necesita tropas estadounidenses o extranjeras en su territorio porque tiene fuerzas entrenadas que pueden defender su territorio.<\/p>\n<p style=\"text-align: justify;\">El a\u00f1o pasado, el Parlamento iraqu\u00ed vot\u00f3 por mayor\u00eda absoluta una resoluci\u00f3n que exige al gobierno iraqu\u00ed poner fin a la presencia extranjera en el pa\u00eds despu\u00e9s de los cr\u00edmenes de Estados Unidos en los territorios iraqu\u00edes.<\/p>\n<p style=\"text-align: justify;\"><span style=\"color: #0000ff;\"><strong>ah\/rsh<\/strong><\/span><\/p>\n","protected":false},"excerpt":{"rendered":"<p>Washington, SANA Altos funcionarios de los gobiernos de Estados Unidos e Iraq anunciaron hoy su intenci\u00f3n de emitir una declaraci\u00f3n conjunta que prev\u00e9 la retirada de las tropas estadounidenses de Iraq a finales de 2021. &#8220;No necesitamos m\u00e1s tropas, sino necesitamos cooperaci\u00f3n de inteligencia&#8221;, dijo el ministro de Exteriores iraqu\u00ed, Fouad Hussein, citado por el &hellip;<\/p>\n","protected":false},"author":30,"featured_media":190050,"comment_status":"closed","ping_status":"closed","sticky":false,"template":"","format":"standard","meta":{"footnotes":""},"categories":[597,456,7541],"tags":[19307],"class_list":["post-190049","post","type-post","status-publish","format-standard","has-post-thumbnail","","category-cinta-de-noticias","category-arabe-internacional-politica","category-ultimas-noticias","tag-estados-unidos-e-iraq-acuerdan-retirada-de-fuerzas-estadounidenses"],"_links":{"self":[{"href":"https:\/\/archive.sana.sy\/es\/index.php?rest_route=\/wp\/v2\/posts\/190049"}],"collection":[{"href":"https:\/\/archive.sana.sy\/es\/index.php?rest_route=\/wp\/v2\/posts"}],"about":[{"href":"https:\/\/archive.sana.sy\/es\/index.php?rest_route=\/wp\/v2\/types\/post"}],"author":[{"embeddable":true,"href":"https:\/\/archive.sana.sy\/es\/index.php?rest_route=\/wp\/v2\/users\/30"}],"replies":[{"embeddable":true,"href":"https:\/\/archive.sana.sy\/es\/index.php?rest_route=%2Fwp%2Fv2%2Fcomments&post=190049"}],"version-history":[{"count":0,"href":"https:\/\/archive.sana.sy\/es\/index.php?rest_route=\/wp\/v2\/posts\/190049\/revisions"}],"wp:featuredmedia":[{"embeddable":true,"href":"https:\/\/archive.sana.sy\/es\/index.php?rest_route=\/wp\/v2\/media\/190050"}],"wp:attachment":[{"href":"https:\/\/archive.sana.sy\/es\/index.php?rest_route=%2Fwp%2Fv2%2Fmedia&parent=190049"}],"wp:term":[{"taxonomy":"category","embeddable":true,"href":"https:\/\/archive.sana.sy\/es\/index.php?rest_route=%2Fwp%2Fv2%2Fcategories&post=190049"},{"taxonomy":"post_tag","embeddable":true,"href":"https:\/\/archive.sana.sy\/es\/index.php?rest_route=%2Fwp%2Fv2%2Ftags&post=190049"}],"curies":[{"name":"wp","href":"https:\/\/api.w.org\/{rel}","templated":true}]}}