{"id":190055,"date":"2021-07-23T11:56:03","date_gmt":"2021-07-23T08:56:03","guid":{"rendered":"http:\/\/107.6.182.27\/es\/?p=190055"},"modified":"2023-01-12T14:40:46","modified_gmt":"2023-01-12T12:40:46","slug":"cuba-condena-nuevas-sanciones-de-estados-unidos","status":"publish","type":"post","link":"https:\/\/archive.sana.sy\/es\/?p=190055","title":{"rendered":"Cuba condena nuevas sanciones de Estados Unidos"},"content":{"rendered":"<p style=\"text-align: justify;\"><span style=\"color: #800000;\"><strong>La Habana, SANA<\/strong><\/span><\/p>\n<p style=\"text-align: justify;\">Cuba conden\u00f3 las sanciones del Gobierno de EEUU contra el ministro de Defensa, \u00c1lvaro L\u00f3pez Miera, y a una unidad del Ministerio del Interior, y tach\u00f3 las mismas de &#8220;nueva calumnia&#8221; en su contra.<\/p>\n<p style=\"text-align: justify;\">&#8220;Rechazamos esas sanciones infundadas impuestas por el Gobierno de EE.UU. contra Miera y la Unidad Nacional Especial del Ministerio del Interior cubano&#8221;, tute\u00f3 el Canciller cubano, Bruno Rodr\u00edguez.<\/p>\n<p style=\"text-align: justify;\">Agreg\u00f3 &#8220;Estados Unidos debe aplicarse a s\u00ed mismo su Ley Magnitsky, por su represi\u00f3n diaria y la violencia policial que mat\u00f3 a mil 201 personas en 2020 en su territorio&#8221;.<\/p>\n<p style=\"text-align: justify;\">La Ley Magnitsky, aprobada en 2012, permite a la administraci\u00f3n estadounidense imponer sanciones a ciudadanos extranjeros sospechosos de graves violaciones de derechos humanos o imponer sanciones econ\u00f3micas a estados extranjeros y entidades clasificadas por Estados Unidos con un doble rasero.<\/p>\n<p style=\"text-align: justify;\">En la v\u00edspera, EE.UU. impuso sanciones al ministro de Defensa cubano y a una unidad del Ministerio de Interior cubano en una continuaci\u00f3n de sus pol\u00edticas hostiles hacia Cuba.<\/p>\n<p style=\"text-align: justify;\">Mientras tanto, el presidente estadounidense, Joe Biden, dijo en un comunicado que las sanciones contra Cuba son solo el comienzo.<\/p>\n<p style=\"text-align: justify;\">Cuba ha estado bajo un injusto bloqueo econ\u00f3mico impuesto por Estados Unidos durante casi 60 a\u00f1os debido a sus pol\u00edticas de rechazo a los intentos de unilateralismo y hegemon\u00eda estadounidenses.<\/p>\n<p style=\"text-align: justify;\"><span style=\"color: #0000ff;\"><strong>ah\/fm<\/strong><\/span><\/p>\n","protected":false},"excerpt":{"rendered":"<p>La Habana, SANA Cuba conden\u00f3 las sanciones del Gobierno de EEUU contra el ministro de Defensa, \u00c1lvaro L\u00f3pez Miera, y a una unidad del Ministerio del Interior, y tach\u00f3 las mismas de &#8220;nueva calumnia&#8221; en su contra. &#8220;Rechazamos esas sanciones infundadas impuestas por el Gobierno de EE.UU. contra Miera y la Unidad Nacional Especial del &hellip;<\/p>\n","protected":false},"author":30,"featured_media":190056,"comment_status":"closed","ping_status":"closed","sticky":false,"template":"","format":"standard","meta":{"footnotes":""},"categories":[597,456,7541],"tags":[19309],"class_list":["post-190055","post","type-post","status-publish","format-standard","has-post-thumbnail","","category-cinta-de-noticias","category-arabe-internacional-politica","category-ultimas-noticias","tag-cuba-condena-nuevas-sanciones-de-estados-unidos"],"_links":{"self":[{"href":"https:\/\/archive.sana.sy\/es\/index.php?rest_route=\/wp\/v2\/posts\/190055"}],"collection":[{"href":"https:\/\/archive.sana.sy\/es\/index.php?rest_route=\/wp\/v2\/posts"}],"about":[{"href":"https:\/\/archive.sana.sy\/es\/index.php?rest_route=\/wp\/v2\/types\/post"}],"author":[{"embeddable":true,"href":"https:\/\/archive.sana.sy\/es\/index.php?rest_route=\/wp\/v2\/users\/30"}],"replies":[{"embeddable":true,"href":"https:\/\/archive.sana.sy\/es\/index.php?rest_route=%2Fwp%2Fv2%2Fcomments&post=190055"}],"version-history":[{"count":0,"href":"https:\/\/archive.sana.sy\/es\/index.php?rest_route=\/wp\/v2\/posts\/190055\/revisions"}],"wp:featuredmedia":[{"embeddable":true,"href":"https:\/\/archive.sana.sy\/es\/index.php?rest_route=\/wp\/v2\/media\/190056"}],"wp:attachment":[{"href":"https:\/\/archive.sana.sy\/es\/index.php?rest_route=%2Fwp%2Fv2%2Fmedia&parent=190055"}],"wp:term":[{"taxonomy":"category","embeddable":true,"href":"https:\/\/archive.sana.sy\/es\/index.php?rest_route=%2Fwp%2Fv2%2Fcategories&post=190055"},{"taxonomy":"post_tag","embeddable":true,"href":"https:\/\/archive.sana.sy\/es\/index.php?rest_route=%2Fwp%2Fv2%2Ftags&post=190055"}],"curies":[{"name":"wp","href":"https:\/\/api.w.org\/{rel}","templated":true}]}}