{"id":190058,"date":"2021-07-23T13:47:57","date_gmt":"2021-07-23T10:47:57","guid":{"rendered":"http:\/\/107.6.182.27\/es\/?p=190058"},"modified":"2023-01-12T14:40:45","modified_gmt":"2023-01-12T12:40:45","slug":"maduro-expresa-disposicion-para-dialogar-con-la-oposicion","status":"publish","type":"post","link":"https:\/\/archive.sana.sy\/es\/?p=190058","title":{"rendered":"Maduro expresa disposici\u00f3n para dialogar con la oposici\u00f3n"},"content":{"rendered":"<p style=\"text-align: justify;\"><span style=\"color: #800000;\"><strong>Caracas, SANA<\/strong><\/span><\/p>\n<p style=\"text-align: justify;\">El presidente de Venezuela, Nicol\u00e1s Maduro, declar\u00f3 su disposici\u00f3n de viajar a M\u00e9xico para efectuar negociaciones con la oposici\u00f3n.<\/p>\n<p style=\"text-align: justify;\">&#8220;Estamos listos para ir a M\u00e9xico para dialogar con la oposici\u00f3n de acuerdo a una agenda venezolana realista para abordar los temas que deben solucionarse con el fin de alcanzar acuerdos de paz y soberan\u00eda, y levantar las sanciones impuestas contra Venezuela&#8221;, dijo Maduro en una comparecencia en la televisi\u00f3n nacional de Venezuela.<\/p>\n<p style=\"text-align: justify;\">En otras ocasiones, el mandatario venezolano manifest\u00f3 su disposici\u00f3n de negociar con la oposici\u00f3n liderada por el derechista, respaldado por Estados Unidos, Juan Guaid\u00f3.<\/p>\n<p style=\"text-align: justify;\">Maduro dijo en declaraciones anteriores que el primer punto de di\u00e1logo con la oposici\u00f3n en su pa\u00eds ser\u00eda &#8220;abandonar los golpes de Estado, los llamados a intervenciones e invasi\u00f3n de Venezuela por fuerzas externas&#8221;.<\/p>\n<p style=\"text-align: justify;\">Venezuela ha estado sometida durante a\u00f1os a intentos de injerencia y desestabilizaci\u00f3n de Estados Unidos en sus asuntos internos mediante el endurecimiento de las sanciones econ\u00f3micas y financieras, y el apoyo a las fuerzas de derecha para revivir los planes de Washington de dominar el pa\u00eds que tiene riqueza petrolera, y derrocar a su presidente leg\u00edtimo utilizando todos los medios, incluida la violencia y el caos.<\/p>\n<p style=\"text-align: justify;\"><span style=\"color: #0000ff;\"><strong>ah\/fm<\/strong><\/span><\/p>\n","protected":false},"excerpt":{"rendered":"<p>Caracas, SANA El presidente de Venezuela, Nicol\u00e1s Maduro, declar\u00f3 su disposici\u00f3n de viajar a M\u00e9xico para efectuar negociaciones con la oposici\u00f3n. &#8220;Estamos listos para ir a M\u00e9xico para dialogar con la oposici\u00f3n de acuerdo a una agenda venezolana realista para abordar los temas que deben solucionarse con el fin de alcanzar acuerdos de paz y &hellip;<\/p>\n","protected":false},"author":39,"featured_media":190059,"comment_status":"closed","ping_status":"closed","sticky":false,"template":"","format":"standard","meta":{"footnotes":""},"categories":[597,456,7541],"tags":[],"class_list":["post-190058","post","type-post","status-publish","format-standard","has-post-thumbnail","","category-cinta-de-noticias","category-arabe-internacional-politica","category-ultimas-noticias"],"_links":{"self":[{"href":"https:\/\/archive.sana.sy\/es\/index.php?rest_route=\/wp\/v2\/posts\/190058"}],"collection":[{"href":"https:\/\/archive.sana.sy\/es\/index.php?rest_route=\/wp\/v2\/posts"}],"about":[{"href":"https:\/\/archive.sana.sy\/es\/index.php?rest_route=\/wp\/v2\/types\/post"}],"author":[{"embeddable":true,"href":"https:\/\/archive.sana.sy\/es\/index.php?rest_route=\/wp\/v2\/users\/39"}],"replies":[{"embeddable":true,"href":"https:\/\/archive.sana.sy\/es\/index.php?rest_route=%2Fwp%2Fv2%2Fcomments&post=190058"}],"version-history":[{"count":0,"href":"https:\/\/archive.sana.sy\/es\/index.php?rest_route=\/wp\/v2\/posts\/190058\/revisions"}],"wp:featuredmedia":[{"embeddable":true,"href":"https:\/\/archive.sana.sy\/es\/index.php?rest_route=\/wp\/v2\/media\/190059"}],"wp:attachment":[{"href":"https:\/\/archive.sana.sy\/es\/index.php?rest_route=%2Fwp%2Fv2%2Fmedia&parent=190058"}],"wp:term":[{"taxonomy":"category","embeddable":true,"href":"https:\/\/archive.sana.sy\/es\/index.php?rest_route=%2Fwp%2Fv2%2Fcategories&post=190058"},{"taxonomy":"post_tag","embeddable":true,"href":"https:\/\/archive.sana.sy\/es\/index.php?rest_route=%2Fwp%2Fv2%2Ftags&post=190058"}],"curies":[{"name":"wp","href":"https:\/\/api.w.org\/{rel}","templated":true}]}}