{"id":190080,"date":"2021-07-23T18:15:50","date_gmt":"2021-07-23T15:15:50","guid":{"rendered":"http:\/\/107.6.182.27\/es\/?p=190080"},"modified":"2021-07-24T19:05:16","modified_gmt":"2021-07-24T16:05:16","slug":"arrancan-juegos-olimpicos-en-tokio-con-la-participacion-de-seis-deportistas-de-siria-fotos","status":"publish","type":"post","link":"https:\/\/archive.sana.sy\/es\/?p=190080","title":{"rendered":"Arrancan Juegos Ol\u00edmpicos en Tokio con la participaci\u00f3n de seis deportistas de Siria (+fotos)"},"content":{"rendered":"<p style=\"text-align: justify;\"><span style=\"color: #800000;\"><strong>Tokio, SANA<\/strong><\/span><\/p>\n<p style=\"text-align: justify;\">Con la participaci\u00f3n de Siria, se inauguraron hoy los 32\u00ba Juegos Ol\u00edmpicos de Tokio 2021, y se prolongar\u00e1n hasta el d\u00eda ocho del pr\u00f3ximo mes de agosto.<\/p>\n<p style=\"text-align: justify;\">En dichos juegos, se competir\u00e1n m\u00e1s de 11 mil 300 atletas de 207 pa\u00edses, incluida Siria.<\/p>\n<p style=\"text-align: justify;\">La delegaci\u00f3n siria est\u00e1 formada por seis atletas y son: la atleta de tenis de mesa Hend Zaza, considerada la m\u00e1s joven que participa en estos Juegos, y el jinete Ahmed Hamsho, quien logr\u00f3 clasificarse despu\u00e9s que Siria encabezara los pa\u00edses del Grupo VII de la Federaci\u00f3n Internacional de Salto Ecuestre.<\/p>\n<p style=\"text-align: justify;\">La misi\u00f3n incluye adem\u00e1s al campe\u00f3n Majd Ghazal, poseedor de varias medallas y t\u00edtulos en el salto de altura, y al levantador de pesas Maan Asaad quien se clasific\u00f3 tras lograr numerosos t\u00edtulos y medallas a lo largo de una carrera de 10 a\u00f1os.<\/p>\n<p style=\"text-align: justify;\">Competir\u00e1n en esta magna cita, adem\u00e1s, el jugador de triatl\u00f3n, Mohamed Maso, y el nadador Ayman Kalzieh.<\/p>\n<p style=\"text-align: justify;\"><img loading=\"lazy\" decoding=\"async\" class=\"alignnone wp-image-190082 size-full\" src=\"http:\/\/107.6.182.27\/es\/wp-content\/uploads\/2021\/07\/27-32.jpg\" alt=\"\" width=\"660\" height=\"321\" srcset=\"https:\/\/archive.sana.sy\/es\/wp-content\/uploads\/2021\/07\/27-32.jpg 660w, https:\/\/archive.sana.sy\/es\/wp-content\/uploads\/2021\/07\/27-32-300x146.jpg 300w, https:\/\/archive.sana.sy\/es\/wp-content\/uploads\/2021\/07\/27-32-150x73.jpg 150w\" sizes=\"(max-width: 660px) 100vw, 660px\" \/> <img loading=\"lazy\" decoding=\"async\" class=\"alignnone wp-image-190083 size-full\" src=\"http:\/\/107.6.182.27\/es\/wp-content\/uploads\/2021\/07\/29-20.jpg\" alt=\"\" width=\"660\" height=\"440\" srcset=\"https:\/\/archive.sana.sy\/es\/wp-content\/uploads\/2021\/07\/29-20.jpg 660w, https:\/\/archive.sana.sy\/es\/wp-content\/uploads\/2021\/07\/29-20-300x200.jpg 300w, https:\/\/archive.sana.sy\/es\/wp-content\/uploads\/2021\/07\/29-20-150x100.jpg 150w\" sizes=\"(max-width: 660px) 100vw, 660px\" \/> <img loading=\"lazy\" decoding=\"async\" class=\"alignnone wp-image-190084 size-full\" src=\"http:\/\/107.6.182.27\/es\/wp-content\/uploads\/2021\/07\/30-31.jpg\" alt=\"\" width=\"660\" height=\"413\" srcset=\"https:\/\/archive.sana.sy\/es\/wp-content\/uploads\/2021\/07\/30-31.jpg 660w, https:\/\/archive.sana.sy\/es\/wp-content\/uploads\/2021\/07\/30-31-300x188.jpg 300w, https:\/\/archive.sana.sy\/es\/wp-content\/uploads\/2021\/07\/30-31-150x94.jpg 150w\" sizes=\"(max-width: 660px) 100vw, 660px\" \/><\/p>\n<p style=\"text-align: justify;\"><span style=\"color: #0000ff;\"><strong>sm\/fm<\/strong><\/span><\/p>\n","protected":false},"excerpt":{"rendered":"<p>Tokio, SANA Con la participaci\u00f3n de Siria, se inauguraron hoy los 32\u00ba Juegos Ol\u00edmpicos de Tokio 2021, y se prolongar\u00e1n hasta el d\u00eda ocho del pr\u00f3ximo mes de agosto. En dichos juegos, se competir\u00e1n m\u00e1s de 11 mil 300 atletas de 207 pa\u00edses, incluida Siria. La delegaci\u00f3n siria est\u00e1 formada por seis atletas y son: &hellip;<\/p>\n","protected":false},"author":39,"featured_media":190081,"comment_status":"closed","ping_status":"closed","sticky":false,"template":"","format":"standard","meta":{"footnotes":""},"categories":[597,467,7541],"tags":[],"class_list":["post-190080","post","type-post","status-publish","format-standard","has-post-thumbnail","","category-cinta-de-noticias","category-siria-y-el-mundo","category-ultimas-noticias"],"_links":{"self":[{"href":"https:\/\/archive.sana.sy\/es\/index.php?rest_route=\/wp\/v2\/posts\/190080"}],"collection":[{"href":"https:\/\/archive.sana.sy\/es\/index.php?rest_route=\/wp\/v2\/posts"}],"about":[{"href":"https:\/\/archive.sana.sy\/es\/index.php?rest_route=\/wp\/v2\/types\/post"}],"author":[{"embeddable":true,"href":"https:\/\/archive.sana.sy\/es\/index.php?rest_route=\/wp\/v2\/users\/39"}],"replies":[{"embeddable":true,"href":"https:\/\/archive.sana.sy\/es\/index.php?rest_route=%2Fwp%2Fv2%2Fcomments&post=190080"}],"version-history":[{"count":0,"href":"https:\/\/archive.sana.sy\/es\/index.php?rest_route=\/wp\/v2\/posts\/190080\/revisions"}],"wp:featuredmedia":[{"embeddable":true,"href":"https:\/\/archive.sana.sy\/es\/index.php?rest_route=\/wp\/v2\/media\/190081"}],"wp:attachment":[{"href":"https:\/\/archive.sana.sy\/es\/index.php?rest_route=%2Fwp%2Fv2%2Fmedia&parent=190080"}],"wp:term":[{"taxonomy":"category","embeddable":true,"href":"https:\/\/archive.sana.sy\/es\/index.php?rest_route=%2Fwp%2Fv2%2Fcategories&post=190080"},{"taxonomy":"post_tag","embeddable":true,"href":"https:\/\/archive.sana.sy\/es\/index.php?rest_route=%2Fwp%2Fv2%2Ftags&post=190080"}],"curies":[{"name":"wp","href":"https:\/\/api.w.org\/{rel}","templated":true}]}}