{"id":190086,"date":"2021-07-23T18:23:03","date_gmt":"2021-07-23T15:23:03","guid":{"rendered":"http:\/\/107.6.182.27\/es\/?p=190086"},"modified":"2021-07-23T18:23:03","modified_gmt":"2021-07-23T15:23:03","slug":"television-nacional-conmemora-61-anos-de-fundada","status":"publish","type":"post","link":"https:\/\/archive.sana.sy\/es\/?p=190086","title":{"rendered":"Televisi\u00f3n nacional conmemora 61 a\u00f1os de fundada"},"content":{"rendered":"<p style=\"text-align: justify;\"><span style=\"color: #800000;\"><strong>Damasco, SANA<\/strong><\/span><\/p>\n<p style=\"text-align: justify;\">Con motivo del 61\u00ba aniversario de la fundaci\u00f3n de la Televisi\u00f3n \u00c1rabe Siria, el ministro de Informaci\u00f3n en el gobierno provisional, Imad Sarah, dijo que &#8220;la televisi\u00f3n siria sigue siendo un medio nacional patri\u00f3tico que transmite la voz de todos los sirios\u201d.<\/p>\n<p style=\"text-align: justify;\">\u201cA pesar de los limitados recursos a consecuencia de la guerra terrorista contra el pueblo sirio, la televisi\u00f3n nacional es y seguir\u00e1 siendo un medio nacional que conserva los principios patrios\u201d, dijo el titular en una llamada telef\u00f3nica con este medio.<\/p>\n<p style=\"text-align: justify;\">Explic\u00f3 que la guerra contra Siria a\u00fan no ha terminado, pero ha tomado otras formas, incluido el bloqueo y la guerra econ\u00f3mica y medi\u00e1tica, y esta \u00faltima se emple\u00f3 para difamar y satanizar al pa\u00eds.<\/p>\n<p style=\"text-align: justify;\">El ministro Sarah llam\u00f3 a los periodistas y trabajadores de la prensa a mantenerse en alerta para enfrentar la guerra de rumores y tergiversaci\u00f3n y a desarrollar sus potencialidades para enfrentar la pr\u00f3xima guerra que ser\u00e1 de \u201cterminolog\u00eda y cuarta generaci\u00f3n\u201d.<\/p>\n<p style=\"text-align: justify;\">Rindi\u00f3 homenaje a los m\u00e1rtires de Siria que dieron sus vidas por el bien de la patria y su soberan\u00eda, y a los m\u00e1rtires del sector de la prensa que superaron los 40, mientras m\u00e1s de 60 fueron lesionados durante el desempe\u00f1o de sus labores period\u00edsticas.<\/p>\n<p style=\"text-align: justify;\">Felicit\u00f3 al final de su declaraci\u00f3n, a todos los empleados de Radiotelevisi\u00f3n por un aniversario m\u00e1s de su salida al aire.<\/p>\n<p style=\"text-align: justify;\">Cabe destacar que la televisi\u00f3n siria comenz\u00f3 a transmitir su se\u00f1al el d\u00eda 23 de julio de 1960.<\/p>\n<p style=\"text-align: justify;\"><strong><span style=\"color: #0000ff;\">sm\/fm<\/span><\/strong><\/p>\n","protected":false},"excerpt":{"rendered":"<p>Damasco, SANA Con motivo del 61\u00ba aniversario de la fundaci\u00f3n de la Televisi\u00f3n \u00c1rabe Siria, el ministro de Informaci\u00f3n en el gobierno provisional, Imad Sarah, dijo que &#8220;la televisi\u00f3n siria sigue siendo un medio nacional patri\u00f3tico que transmite la voz de todos los sirios\u201d. \u201cA pesar de los limitados recursos a consecuencia de la guerra &hellip;<\/p>\n","protected":false},"author":39,"featured_media":190087,"comment_status":"closed","ping_status":"closed","sticky":false,"template":"","format":"standard","meta":{"footnotes":""},"categories":[597,476,7541],"tags":[],"class_list":["post-190086","post","type-post","status-publish","format-standard","has-post-thumbnail","","category-cinta-de-noticias","category-locales","category-ultimas-noticias"],"_links":{"self":[{"href":"https:\/\/archive.sana.sy\/es\/index.php?rest_route=\/wp\/v2\/posts\/190086"}],"collection":[{"href":"https:\/\/archive.sana.sy\/es\/index.php?rest_route=\/wp\/v2\/posts"}],"about":[{"href":"https:\/\/archive.sana.sy\/es\/index.php?rest_route=\/wp\/v2\/types\/post"}],"author":[{"embeddable":true,"href":"https:\/\/archive.sana.sy\/es\/index.php?rest_route=\/wp\/v2\/users\/39"}],"replies":[{"embeddable":true,"href":"https:\/\/archive.sana.sy\/es\/index.php?rest_route=%2Fwp%2Fv2%2Fcomments&post=190086"}],"version-history":[{"count":0,"href":"https:\/\/archive.sana.sy\/es\/index.php?rest_route=\/wp\/v2\/posts\/190086\/revisions"}],"wp:featuredmedia":[{"embeddable":true,"href":"https:\/\/archive.sana.sy\/es\/index.php?rest_route=\/wp\/v2\/media\/190087"}],"wp:attachment":[{"href":"https:\/\/archive.sana.sy\/es\/index.php?rest_route=%2Fwp%2Fv2%2Fmedia&parent=190086"}],"wp:term":[{"taxonomy":"category","embeddable":true,"href":"https:\/\/archive.sana.sy\/es\/index.php?rest_route=%2Fwp%2Fv2%2Fcategories&post=190086"},{"taxonomy":"post_tag","embeddable":true,"href":"https:\/\/archive.sana.sy\/es\/index.php?rest_route=%2Fwp%2Fv2%2Ftags&post=190086"}],"curies":[{"name":"wp","href":"https:\/\/api.w.org\/{rel}","templated":true}]}}