{"id":190089,"date":"2021-07-23T17:30:04","date_gmt":"2021-07-23T14:30:04","guid":{"rendered":"http:\/\/107.6.182.27\/es\/?p=190089"},"modified":"2023-01-12T14:40:45","modified_gmt":"2023-01-12T12:40:45","slug":"china-condena-sanciones-de-eeuu-impuestas-a-cuba","status":"publish","type":"post","link":"https:\/\/archive.sana.sy\/es\/?p=190089","title":{"rendered":"China condena sanciones de EEUU impuestas a Cuba"},"content":{"rendered":"<p style=\"text-align: justify;\"><span style=\"color: #800000;\"><strong>Pek\u00edn, SANA<\/strong><\/span><\/p>\n<p style=\"text-align: justify;\">La Rep\u00fablica Popular de China conden\u00f3 las nuevas sanciones de EEUU contra Cuba y exigi\u00f3 su levantamiento inmediato.<\/p>\n<p style=\"text-align: justify;\">&#8220;China apoya los esfuerzos del gobierno y el pueblo cubanos para garantizar la estabilidad social, y se opone a la explotaci\u00f3n de las consignas de libertad, democracia y derechos humanos para intervenir en los asuntos internos de los pa\u00edses&#8221;, dijo el portavoz del Ministerio de Exteriores de China, Zhao Ligian, en una conferencia de prensa.<\/p>\n<p style=\"text-align: justify;\">Legian se\u00f1al\u00f3 que EE.UU deber\u00eda analizar sus propios problemas relacionados son los derechos humanos en lugar de imponer nuevas sanciones e interferir en los asuntos de otros pa\u00edses.<\/p>\n<p style=\"text-align: justify;\"><span style=\"color: #0000ff;\"><strong>sm\/fm<\/strong><\/span><\/p>\n","protected":false},"excerpt":{"rendered":"<p>Pek\u00edn, SANA La Rep\u00fablica Popular de China conden\u00f3 las nuevas sanciones de EEUU contra Cuba y exigi\u00f3 su levantamiento inmediato. &#8220;China apoya los esfuerzos del gobierno y el pueblo cubanos para garantizar la estabilidad social, y se opone a la explotaci\u00f3n de las consignas de libertad, democracia y derechos humanos para intervenir en los asuntos &hellip;<\/p>\n","protected":false},"author":39,"featured_media":190090,"comment_status":"closed","ping_status":"closed","sticky":false,"template":"","format":"standard","meta":{"footnotes":""},"categories":[597,456,7541],"tags":[],"class_list":["post-190089","post","type-post","status-publish","format-standard","has-post-thumbnail","","category-cinta-de-noticias","category-arabe-internacional-politica","category-ultimas-noticias"],"_links":{"self":[{"href":"https:\/\/archive.sana.sy\/es\/index.php?rest_route=\/wp\/v2\/posts\/190089"}],"collection":[{"href":"https:\/\/archive.sana.sy\/es\/index.php?rest_route=\/wp\/v2\/posts"}],"about":[{"href":"https:\/\/archive.sana.sy\/es\/index.php?rest_route=\/wp\/v2\/types\/post"}],"author":[{"embeddable":true,"href":"https:\/\/archive.sana.sy\/es\/index.php?rest_route=\/wp\/v2\/users\/39"}],"replies":[{"embeddable":true,"href":"https:\/\/archive.sana.sy\/es\/index.php?rest_route=%2Fwp%2Fv2%2Fcomments&post=190089"}],"version-history":[{"count":0,"href":"https:\/\/archive.sana.sy\/es\/index.php?rest_route=\/wp\/v2\/posts\/190089\/revisions"}],"wp:featuredmedia":[{"embeddable":true,"href":"https:\/\/archive.sana.sy\/es\/index.php?rest_route=\/wp\/v2\/media\/190090"}],"wp:attachment":[{"href":"https:\/\/archive.sana.sy\/es\/index.php?rest_route=%2Fwp%2Fv2%2Fmedia&parent=190089"}],"wp:term":[{"taxonomy":"category","embeddable":true,"href":"https:\/\/archive.sana.sy\/es\/index.php?rest_route=%2Fwp%2Fv2%2Fcategories&post=190089"},{"taxonomy":"post_tag","embeddable":true,"href":"https:\/\/archive.sana.sy\/es\/index.php?rest_route=%2Fwp%2Fv2%2Ftags&post=190089"}],"curies":[{"name":"wp","href":"https:\/\/api.w.org\/{rel}","templated":true}]}}