{"id":190095,"date":"2021-07-23T17:05:04","date_gmt":"2021-07-23T14:05:04","guid":{"rendered":"http:\/\/107.6.182.27\/es\/?p=190095"},"modified":"2023-01-12T14:40:45","modified_gmt":"2023-01-12T12:40:45","slug":"incautan-armas-y-municiones-destinadas-a-terroristas-en-frontera-de-iran","status":"publish","type":"post","link":"https:\/\/archive.sana.sy\/es\/?p=190095","title":{"rendered":"Incautan armas y municiones destinadas a terroristas en frontera de Ir\u00e1n"},"content":{"rendered":"<p style=\"text-align: justify;\"><span style=\"color: #800000;\"><strong>Teher\u00e1n, SANA<\/strong><\/span><\/p>\n<p style=\"text-align: justify;\">El Cuerpo de la Guardia Revolucionaria Isl\u00e1mica de Ir\u00e1n anunci\u00f3 la incautaci\u00f3n de un cargamento de armas y municiones cerca de la frontera noroeste del pa\u00eds.<\/p>\n<p style=\"text-align: justify;\">El sitio web del canal iran\u00ed Al-Alam cit\u00f3 a un funcionario militar diciendo que \u201clos grupos terroristas opuestos a la Revoluci\u00f3n Isl\u00e1mica intentaron ingresar al interior del pa\u00eds cargamento de armas y municiones para llevar a cabo ataques terroristas contra el pueblo iran\u00ed.\u201d<\/p>\n<p style=\"text-align: justify;\">El pasado 16 de junio, las autoridades iran\u00edes anunciaron la incautaci\u00f3n de armas de contrabando en el distrito de Mehran, provincia de Ilam, en el oeste del pa\u00eds.<\/p>\n<p style=\"text-align: justify;\"><span style=\"color: #0000ff;\"><strong>sm\/fm<\/strong><\/span><\/p>\n","protected":false},"excerpt":{"rendered":"<p>Teher\u00e1n, SANA El Cuerpo de la Guardia Revolucionaria Isl\u00e1mica de Ir\u00e1n anunci\u00f3 la incautaci\u00f3n de un cargamento de armas y municiones cerca de la frontera noroeste del pa\u00eds. El sitio web del canal iran\u00ed Al-Alam cit\u00f3 a un funcionario militar diciendo que \u201clos grupos terroristas opuestos a la Revoluci\u00f3n Isl\u00e1mica intentaron ingresar al interior del &hellip;<\/p>\n","protected":false},"author":39,"featured_media":190096,"comment_status":"closed","ping_status":"closed","sticky":false,"template":"","format":"standard","meta":{"footnotes":""},"categories":[597,456,7541],"tags":[],"class_list":["post-190095","post","type-post","status-publish","format-standard","has-post-thumbnail","","category-cinta-de-noticias","category-arabe-internacional-politica","category-ultimas-noticias"],"_links":{"self":[{"href":"https:\/\/archive.sana.sy\/es\/index.php?rest_route=\/wp\/v2\/posts\/190095"}],"collection":[{"href":"https:\/\/archive.sana.sy\/es\/index.php?rest_route=\/wp\/v2\/posts"}],"about":[{"href":"https:\/\/archive.sana.sy\/es\/index.php?rest_route=\/wp\/v2\/types\/post"}],"author":[{"embeddable":true,"href":"https:\/\/archive.sana.sy\/es\/index.php?rest_route=\/wp\/v2\/users\/39"}],"replies":[{"embeddable":true,"href":"https:\/\/archive.sana.sy\/es\/index.php?rest_route=%2Fwp%2Fv2%2Fcomments&post=190095"}],"version-history":[{"count":0,"href":"https:\/\/archive.sana.sy\/es\/index.php?rest_route=\/wp\/v2\/posts\/190095\/revisions"}],"wp:featuredmedia":[{"embeddable":true,"href":"https:\/\/archive.sana.sy\/es\/index.php?rest_route=\/wp\/v2\/media\/190096"}],"wp:attachment":[{"href":"https:\/\/archive.sana.sy\/es\/index.php?rest_route=%2Fwp%2Fv2%2Fmedia&parent=190095"}],"wp:term":[{"taxonomy":"category","embeddable":true,"href":"https:\/\/archive.sana.sy\/es\/index.php?rest_route=%2Fwp%2Fv2%2Fcategories&post=190095"},{"taxonomy":"post_tag","embeddable":true,"href":"https:\/\/archive.sana.sy\/es\/index.php?rest_route=%2Fwp%2Fv2%2Ftags&post=190095"}],"curies":[{"name":"wp","href":"https:\/\/api.w.org\/{rel}","templated":true}]}}