{"id":190098,"date":"2021-07-23T18:15:23","date_gmt":"2021-07-23T15:15:23","guid":{"rendered":"http:\/\/107.6.182.27\/es\/?p=190098"},"modified":"2021-07-23T18:54:32","modified_gmt":"2021-07-23T15:54:32","slug":"joven-sirio-herido-por-la-guerra-se-desataca-por-su-participacion-en-feria-internacional-de-flores","status":"publish","type":"post","link":"https:\/\/archive.sana.sy\/es\/?p=190098","title":{"rendered":"Joven sirio herido por la guerra se desataca por su participaci\u00f3n en Feria Internacional de Flores"},"content":{"rendered":"<p style=\"text-align: justify;\"><span style=\"color: #800000;\"><strong>Damasco, SANA<\/strong><\/span><\/p>\n<p style=\"text-align: justify;\">El joven Abdul Qader Ahmad, de 40 a\u00f1os de edad, quien sufri\u00f3 amputaciones por la guerra, pero se mantiene con alta moral, voluntad y amor a la vida.<img loading=\"lazy\" decoding=\"async\" class=\"size-medium wp-image-190104 alignright\" src=\"http:\/\/107.6.182.27\/es\/wp-content\/uploads\/2021\/07\/17-70-2-218x300.jpg\" alt=\"\" width=\"218\" height=\"300\" srcset=\"https:\/\/archive.sana.sy\/es\/wp-content\/uploads\/2021\/07\/17-70-2-218x300.jpg 218w, https:\/\/archive.sana.sy\/es\/wp-content\/uploads\/2021\/07\/17-70-2-109x150.jpg 109w, https:\/\/archive.sana.sy\/es\/wp-content\/uploads\/2021\/07\/17-70-2.jpg 660w\" sizes=\"(max-width: 218px) 100vw, 218px\" \/><\/p>\n<p style=\"text-align: justify;\">Abdul Qader era profesor de deporte y fue lesionado en un atentado terrorista que caus\u00f3 la muerte de su \u00fanico hijo y la amputaci\u00f3n de su brazo y pierna.<\/p>\n<p style=\"text-align: justify;\">Tras su recuperaci\u00f3n, decide establecer un peque\u00f1o negocio que es un vivero de flores y plantas ornamentales, para mantenerse y pagar los costos de su tratamiento m\u00e9dico.<\/p>\n<p style=\"text-align: justify;\">Abdul Qader participa en la Feria Internacional de Flores organizada en el parque Tishreen en la Ciudad de Damasco, donde presenta en su pabell\u00f3n los diversos tipos de plantas y flores que produce en su vivero como albahaca, fresa, rosa, lim\u00f3n, naranja, granada y pimiento y cardos, adem\u00e1s de plantas ornamentales.<\/p>\n<p style=\"text-align: justify;\"><span style=\"color: #0000ff;\"><strong>sm\/fm<\/strong><\/span><\/p>\n","protected":false},"excerpt":{"rendered":"<p>Damasco, SANA El joven Abdul Qader Ahmad, de 40 a\u00f1os de edad, quien sufri\u00f3 amputaciones por la guerra, pero se mantiene con alta moral, voluntad y amor a la vida. Abdul Qader era profesor de deporte y fue lesionado en un atentado terrorista que caus\u00f3 la muerte de su \u00fanico hijo y la amputaci\u00f3n de &hellip;<\/p>\n","protected":false},"author":39,"featured_media":190099,"comment_status":"closed","ping_status":"closed","sticky":false,"template":"","format":"standard","meta":{"footnotes":""},"categories":[597,476,7541],"tags":[],"class_list":["post-190098","post","type-post","status-publish","format-standard","has-post-thumbnail","","category-cinta-de-noticias","category-locales","category-ultimas-noticias"],"_links":{"self":[{"href":"https:\/\/archive.sana.sy\/es\/index.php?rest_route=\/wp\/v2\/posts\/190098"}],"collection":[{"href":"https:\/\/archive.sana.sy\/es\/index.php?rest_route=\/wp\/v2\/posts"}],"about":[{"href":"https:\/\/archive.sana.sy\/es\/index.php?rest_route=\/wp\/v2\/types\/post"}],"author":[{"embeddable":true,"href":"https:\/\/archive.sana.sy\/es\/index.php?rest_route=\/wp\/v2\/users\/39"}],"replies":[{"embeddable":true,"href":"https:\/\/archive.sana.sy\/es\/index.php?rest_route=%2Fwp%2Fv2%2Fcomments&post=190098"}],"version-history":[{"count":0,"href":"https:\/\/archive.sana.sy\/es\/index.php?rest_route=\/wp\/v2\/posts\/190098\/revisions"}],"wp:featuredmedia":[{"embeddable":true,"href":"https:\/\/archive.sana.sy\/es\/index.php?rest_route=\/wp\/v2\/media\/190099"}],"wp:attachment":[{"href":"https:\/\/archive.sana.sy\/es\/index.php?rest_route=%2Fwp%2Fv2%2Fmedia&parent=190098"}],"wp:term":[{"taxonomy":"category","embeddable":true,"href":"https:\/\/archive.sana.sy\/es\/index.php?rest_route=%2Fwp%2Fv2%2Fcategories&post=190098"},{"taxonomy":"post_tag","embeddable":true,"href":"https:\/\/archive.sana.sy\/es\/index.php?rest_route=%2Fwp%2Fv2%2Ftags&post=190098"}],"curies":[{"name":"wp","href":"https:\/\/api.w.org\/{rel}","templated":true}]}}