{"id":190141,"date":"2021-07-24T12:55:39","date_gmt":"2021-07-24T09:55:39","guid":{"rendered":"http:\/\/107.6.182.27\/es\/?p=190141"},"modified":"2023-01-09T14:05:30","modified_gmt":"2023-01-09T12:05:30","slug":"estados-unidos-refuerza-con-tropas-y-equipos-militares-su-base-ilegal-en-el-sur-de-hasakeh","status":"publish","type":"post","link":"https:\/\/archive.sana.sy\/es\/?p=190141","title":{"rendered":"Estados Unidos refuerza con tropas y equipos militares su base ilegal en el sur de Hasakeh"},"content":{"rendered":"<p style=\"text-align: justify;\"><span style=\"color: #800000;\"><strong>Hasakeh, SANA<\/strong><\/span><\/p>\n<p style=\"text-align: justify;\">Dos helic\u00f3pteros militares cargados con equipos b\u00e9licos y log\u00edsticos, adem\u00e1s de soldados, aterrizaron en la base ilegal de las fuerzas de ocupaci\u00f3n de en la ciudad de Shaddadi, en el sur de la provincia Hasakeh.<\/p>\n<p style=\"text-align: justify;\">Seg\u00fan informaron activistas locales, los esfuerzos que cargaban las dos aeronaves fueron trasladados a la escuela al-Karama que tomaron las tropas norteamericanas hace unos d\u00edas, mientras los soldados fueron ubicados en el edificio No. 11 del Departamento de Campos Petroleros de Jebseh.<\/p>\n<p style=\"text-align: justify;\">Las fuerzas de ocupaci\u00f3n estadounidenses gestionan dos prisiones en los referidos campos petroleros, donde crearon una base militar al que trasladan terroristas que reciben entrenamiento para luego atacar las tropas sirias y las comunidades civiles en la zona des\u00e9rticas de Al-Badieh.<\/p>\n<p style=\"text-align: justify;\"><strong><span style=\"color: #0000ff;\">ws\/fm\u00a0<\/span><\/strong><\/p>\n","protected":false},"excerpt":{"rendered":"<p>Hasakeh, SANA Dos helic\u00f3pteros militares cargados con equipos b\u00e9licos y log\u00edsticos, adem\u00e1s de soldados, aterrizaron en la base ilegal de las fuerzas de ocupaci\u00f3n de en la ciudad de Shaddadi, en el sur de la provincia Hasakeh. Seg\u00fan informaron activistas locales, los esfuerzos que cargaban las dos aeronaves fueron trasladados a la escuela al-Karama que &hellip;<\/p>\n","protected":false},"author":35,"featured_media":190143,"comment_status":"closed","ping_status":"closed","sticky":false,"template":"","format":"standard","meta":{"footnotes":""},"categories":[477,447,597,573,476,7541],"tags":[],"class_list":["post-190141","post","type-post","status-publish","format-standard","has-post-thumbnail","","category-noticias-edulcorantes","category-local-politica","category-cinta-de-noticias","category-la-realidad-de-los-acontecimientos-en-siria","category-locales","category-ultimas-noticias"],"_links":{"self":[{"href":"https:\/\/archive.sana.sy\/es\/index.php?rest_route=\/wp\/v2\/posts\/190141"}],"collection":[{"href":"https:\/\/archive.sana.sy\/es\/index.php?rest_route=\/wp\/v2\/posts"}],"about":[{"href":"https:\/\/archive.sana.sy\/es\/index.php?rest_route=\/wp\/v2\/types\/post"}],"author":[{"embeddable":true,"href":"https:\/\/archive.sana.sy\/es\/index.php?rest_route=\/wp\/v2\/users\/35"}],"replies":[{"embeddable":true,"href":"https:\/\/archive.sana.sy\/es\/index.php?rest_route=%2Fwp%2Fv2%2Fcomments&post=190141"}],"version-history":[{"count":0,"href":"https:\/\/archive.sana.sy\/es\/index.php?rest_route=\/wp\/v2\/posts\/190141\/revisions"}],"wp:featuredmedia":[{"embeddable":true,"href":"https:\/\/archive.sana.sy\/es\/index.php?rest_route=\/wp\/v2\/media\/190143"}],"wp:attachment":[{"href":"https:\/\/archive.sana.sy\/es\/index.php?rest_route=%2Fwp%2Fv2%2Fmedia&parent=190141"}],"wp:term":[{"taxonomy":"category","embeddable":true,"href":"https:\/\/archive.sana.sy\/es\/index.php?rest_route=%2Fwp%2Fv2%2Fcategories&post=190141"},{"taxonomy":"post_tag","embeddable":true,"href":"https:\/\/archive.sana.sy\/es\/index.php?rest_route=%2Fwp%2Fv2%2Ftags&post=190141"}],"curies":[{"name":"wp","href":"https:\/\/api.w.org\/{rel}","templated":true}]}}