{"id":190313,"date":"2021-07-25T16:07:37","date_gmt":"2021-07-25T13:07:37","guid":{"rendered":"http:\/\/107.6.182.27\/es\/?p=190313"},"modified":"2021-07-25T16:07:37","modified_gmt":"2021-07-25T13:07:37","slug":"conversaciones-sirio-iranies-para-consolidar-la-cooperacion-academica","status":"publish","type":"post","link":"https:\/\/archive.sana.sy\/es\/?p=190313","title":{"rendered":"Conversaciones sirio-iran\u00edes para consolidar la cooperaci\u00f3n acad\u00e9mica"},"content":{"rendered":"<p style=\"text-align: justify;\"><span style=\"color: #800000;\"><strong>Teher\u00e1n, SANA<\/strong><\/span><\/p>\n<p style=\"text-align: justify;\">El embajador sirio en Ir\u00e1n, Shafiq Dayoub, examin\u00f3 con el rector de la Universidad de Doctrinas Isl\u00e1micas de Ir\u00e1n, Mohammad Hosseini, las formas de mejorar la cooperaci\u00f3n cient\u00edfica, cultural y acad\u00e9mica conjunta entre los dos pa\u00edses y el ingreso de estudiantes sirios a esta instituci\u00f3n de educaci\u00f3n superior.<\/p>\n<p style=\"text-align: justify;\">Durante la reuni\u00f3n, celebrada en la sede de la embajada de Siria en Teher\u00e1n, Dayoub destac\u00f3 la importancia de la cooperaci\u00f3n cient\u00edfica entre los dos pa\u00edses.<\/p>\n<p style=\"text-align: justify;\">\u201cUna de nuestras prioridades en esta etapa es perfeccionar el nivel de esta cooperaci\u00f3n en materia cient\u00edfica y acad\u00e9mica para que se eleve al nivel de las relaciones pol\u00edticas y estrat\u00e9gicas existentes entre ambas partes\u201d, recalc\u00f3.<\/p>\n<p style=\"text-align: justify;\">Seg\u00fan el diplom\u00e1tico, en los \u00faltimos a\u00f1os Siria e Ir\u00e1n fueron socios en la lucha antiterrorista y alcanzaron muchos logros.<\/p>\n<p style=\"text-align: justify;\">\u201cSiendo socios de lucha, esperamos ser socios tambi\u00e9n en la reconstrucci\u00f3n de lo destruido por el terrorismo en Siria, especialmente la infraestructura educativa\u201d, expres\u00f3.<\/p>\n<p style=\"text-align: justify;\">Aclar\u00f3 que la reconstrucci\u00f3n del sector educativo en Siria es una prioridad en esa etapa, ensalzando la cooperaci\u00f3n entre las universidades sirias e iran\u00edes al respecto.<\/p>\n<p style=\"text-align: justify;\"><strong><span style=\"color: #0000ff;\">ed\/fm<\/span><\/strong><\/p>\n","protected":false},"excerpt":{"rendered":"<p>Teher\u00e1n, SANA El embajador sirio en Ir\u00e1n, Shafiq Dayoub, examin\u00f3 con el rector de la Universidad de Doctrinas Isl\u00e1micas de Ir\u00e1n, Mohammad Hosseini, las formas de mejorar la cooperaci\u00f3n cient\u00edfica, cultural y acad\u00e9mica conjunta entre los dos pa\u00edses y el ingreso de estudiantes sirios a esta instituci\u00f3n de educaci\u00f3n superior. Durante la reuni\u00f3n, celebrada en &hellip;<\/p>\n","protected":false},"author":32,"featured_media":190314,"comment_status":"closed","ping_status":"closed","sticky":false,"template":"","format":"standard","meta":{"footnotes":""},"categories":[597,467,7541],"tags":[],"class_list":["post-190313","post","type-post","status-publish","format-standard","has-post-thumbnail","","category-cinta-de-noticias","category-siria-y-el-mundo","category-ultimas-noticias"],"_links":{"self":[{"href":"https:\/\/archive.sana.sy\/es\/index.php?rest_route=\/wp\/v2\/posts\/190313"}],"collection":[{"href":"https:\/\/archive.sana.sy\/es\/index.php?rest_route=\/wp\/v2\/posts"}],"about":[{"href":"https:\/\/archive.sana.sy\/es\/index.php?rest_route=\/wp\/v2\/types\/post"}],"author":[{"embeddable":true,"href":"https:\/\/archive.sana.sy\/es\/index.php?rest_route=\/wp\/v2\/users\/32"}],"replies":[{"embeddable":true,"href":"https:\/\/archive.sana.sy\/es\/index.php?rest_route=%2Fwp%2Fv2%2Fcomments&post=190313"}],"version-history":[{"count":0,"href":"https:\/\/archive.sana.sy\/es\/index.php?rest_route=\/wp\/v2\/posts\/190313\/revisions"}],"wp:featuredmedia":[{"embeddable":true,"href":"https:\/\/archive.sana.sy\/es\/index.php?rest_route=\/wp\/v2\/media\/190314"}],"wp:attachment":[{"href":"https:\/\/archive.sana.sy\/es\/index.php?rest_route=%2Fwp%2Fv2%2Fmedia&parent=190313"}],"wp:term":[{"taxonomy":"category","embeddable":true,"href":"https:\/\/archive.sana.sy\/es\/index.php?rest_route=%2Fwp%2Fv2%2Fcategories&post=190313"},{"taxonomy":"post_tag","embeddable":true,"href":"https:\/\/archive.sana.sy\/es\/index.php?rest_route=%2Fwp%2Fv2%2Ftags&post=190313"}],"curies":[{"name":"wp","href":"https:\/\/api.w.org\/{rel}","templated":true}]}}