{"id":190344,"date":"2021-07-25T17:55:49","date_gmt":"2021-07-25T14:55:49","guid":{"rendered":"http:\/\/107.6.182.27\/es\/?p=190344"},"modified":"2023-01-10T15:13:57","modified_gmt":"2023-01-10T13:13:57","slug":"feria-hecho-en-siria-arranca-en-capital-iraqui-bagdad","status":"publish","type":"post","link":"https:\/\/archive.sana.sy\/es\/?p=190344","title":{"rendered":"Feria \u201cHecho en Siria\u201d arranca en capital iraqu\u00ed Bagdad"},"content":{"rendered":"<p style=\"text-align: justify;\"><span style=\"color: #800000;\"><strong>Damasco, SANA<\/strong><\/span><\/p>\n<p style=\"text-align: justify;\">Con la participaci\u00f3n de un centenar de empresas industriales sirias arranc\u00f3 en la capital iraqu\u00ed Bagdad la Feria \u201cHecho en Siria\u201d organizada por la Oficina Regional de la Uni\u00f3n de Exportadores e Importadores \u00c1rabes en Siria y la Asociaci\u00f3n de Exportadores Sirios de Prendas y Textiles, en cooperaci\u00f3n con las C\u00e1maras de Industria y Comercio de Siria.<\/p>\n<p style=\"text-align: justify;\">El evento que se celebra en Expo-Bagdad contar\u00e1 con la presencia de importantes empresas industriales y marcas de alimentos, comercio, tejido y qu\u00edmica, y se prolongar\u00e1 hasta el d\u00eda 5 del pr\u00f3ximo mes.<\/p>\n<p style=\"text-align: justify;\">Mohammed Sawah, jefe de la Uni\u00f3n de Exportadores e Importadores \u00c1rabes en Siria, declar\u00f3 a SANA que la exposici\u00f3n es el primer paso para abrir puntos de venta y exportaci\u00f3n para los productos sirios, mejorar su presencia en los mercados extranjeros tradicionales y allanar el camino para establecer nuevos mercados de los productos sirios.<\/p>\n<p style=\"text-align: justify;\"><span style=\"color: #0000ff;\"><strong>ah\/fm<\/strong><\/span><\/p>\n<div id='gallery-1' class='gallery galleryid-190344 gallery-columns-1 gallery-size-full'><figure class='gallery-item'>\n\t\t\t<div class='gallery-icon landscape'>\n\t\t\t\t<a href='https:\/\/archive.sana.sy\/es\/wp-content\/uploads\/2021\/07\/photo_2021-07-25_18-09-12-scaled.jpg'><img loading=\"lazy\" decoding=\"async\" width=\"2560\" height=\"1774\" src=\"https:\/\/archive.sana.sy\/es\/wp-content\/uploads\/2021\/07\/photo_2021-07-25_18-09-12-scaled.jpg\" class=\"attachment-full size-full\" alt=\"\" srcset=\"https:\/\/archive.sana.sy\/es\/wp-content\/uploads\/2021\/07\/photo_2021-07-25_18-09-12-scaled.jpg 2560w, https:\/\/archive.sana.sy\/es\/wp-content\/uploads\/2021\/07\/photo_2021-07-25_18-09-12-300x208.jpg 300w, https:\/\/archive.sana.sy\/es\/wp-content\/uploads\/2021\/07\/photo_2021-07-25_18-09-12-1024x710.jpg 1024w, https:\/\/archive.sana.sy\/es\/wp-content\/uploads\/2021\/07\/photo_2021-07-25_18-09-12-150x104.jpg 150w, https:\/\/archive.sana.sy\/es\/wp-content\/uploads\/2021\/07\/photo_2021-07-25_18-09-12-768x532.jpg 768w, https:\/\/archive.sana.sy\/es\/wp-content\/uploads\/2021\/07\/photo_2021-07-25_18-09-12-1536x1064.jpg 1536w, https:\/\/archive.sana.sy\/es\/wp-content\/uploads\/2021\/07\/photo_2021-07-25_18-09-12-2048x1419.jpg 2048w, https:\/\/archive.sana.sy\/es\/wp-content\/uploads\/2021\/07\/photo_2021-07-25_18-09-12-110x75.jpg 110w\" sizes=\"(max-width: 2560px) 100vw, 2560px\" \/><\/a>\n\t\t\t<\/div><\/figure><figure class='gallery-item'>\n\t\t\t<div class='gallery-icon landscape'>\n\t\t\t\t<a href='https:\/\/archive.sana.sy\/es\/wp-content\/uploads\/2021\/07\/photo_2021-07-25_18-09-16-scaled.jpg'><img loading=\"lazy\" decoding=\"async\" width=\"2560\" height=\"1629\" src=\"https:\/\/archive.sana.sy\/es\/wp-content\/uploads\/2021\/07\/photo_2021-07-25_18-09-16-scaled.jpg\" class=\"attachment-full size-full\" alt=\"\" srcset=\"https:\/\/archive.sana.sy\/es\/wp-content\/uploads\/2021\/07\/photo_2021-07-25_18-09-16-scaled.jpg 2560w, https:\/\/archive.sana.sy\/es\/wp-content\/uploads\/2021\/07\/photo_2021-07-25_18-09-16-300x191.jpg 300w, https:\/\/archive.sana.sy\/es\/wp-content\/uploads\/2021\/07\/photo_2021-07-25_18-09-16-1024x652.jpg 1024w, https:\/\/archive.sana.sy\/es\/wp-content\/uploads\/2021\/07\/photo_2021-07-25_18-09-16-150x95.jpg 150w, https:\/\/archive.sana.sy\/es\/wp-content\/uploads\/2021\/07\/photo_2021-07-25_18-09-16-768x489.jpg 768w, https:\/\/archive.sana.sy\/es\/wp-content\/uploads\/2021\/07\/photo_2021-07-25_18-09-16-1536x978.jpg 1536w, https:\/\/archive.sana.sy\/es\/wp-content\/uploads\/2021\/07\/photo_2021-07-25_18-09-16-2048x1303.jpg 2048w\" sizes=\"(max-width: 2560px) 100vw, 2560px\" \/><\/a>\n\t\t\t<\/div><\/figure><figure class='gallery-item'>\n\t\t\t<div class='gallery-icon landscape'>\n\t\t\t\t<a href='https:\/\/archive.sana.sy\/es\/wp-content\/uploads\/2021\/07\/photo_2021-07-25_18-09-22-scaled.jpg'><img loading=\"lazy\" decoding=\"async\" width=\"2560\" height=\"1858\" src=\"https:\/\/archive.sana.sy\/es\/wp-content\/uploads\/2021\/07\/photo_2021-07-25_18-09-22-scaled.jpg\" class=\"attachment-full size-full\" alt=\"\" srcset=\"https:\/\/archive.sana.sy\/es\/wp-content\/uploads\/2021\/07\/photo_2021-07-25_18-09-22-scaled.jpg 2560w, https:\/\/archive.sana.sy\/es\/wp-content\/uploads\/2021\/07\/photo_2021-07-25_18-09-22-300x218.jpg 300w, https:\/\/archive.sana.sy\/es\/wp-content\/uploads\/2021\/07\/photo_2021-07-25_18-09-22-1024x743.jpg 1024w, https:\/\/archive.sana.sy\/es\/wp-content\/uploads\/2021\/07\/photo_2021-07-25_18-09-22-150x109.jpg 150w, https:\/\/archive.sana.sy\/es\/wp-content\/uploads\/2021\/07\/photo_2021-07-25_18-09-22-768x558.jpg 768w, https:\/\/archive.sana.sy\/es\/wp-content\/uploads\/2021\/07\/photo_2021-07-25_18-09-22-1536x1115.jpg 1536w, https:\/\/archive.sana.sy\/es\/wp-content\/uploads\/2021\/07\/photo_2021-07-25_18-09-22-2048x1487.jpg 2048w\" sizes=\"(max-width: 2560px) 100vw, 2560px\" \/><\/a>\n\t\t\t<\/div><\/figure><figure class='gallery-item'>\n\t\t\t<div class='gallery-icon landscape'>\n\t\t\t\t<a href='https:\/\/archive.sana.sy\/es\/wp-content\/uploads\/2021\/07\/photo_2021-07-25_18-31-42-scaled.jpg'><img loading=\"lazy\" decoding=\"async\" width=\"2560\" height=\"1920\" src=\"https:\/\/archive.sana.sy\/es\/wp-content\/uploads\/2021\/07\/photo_2021-07-25_18-31-42-scaled.jpg\" class=\"attachment-full size-full\" alt=\"\" srcset=\"https:\/\/archive.sana.sy\/es\/wp-content\/uploads\/2021\/07\/photo_2021-07-25_18-31-42-scaled.jpg 2560w, https:\/\/archive.sana.sy\/es\/wp-content\/uploads\/2021\/07\/photo_2021-07-25_18-31-42-300x225.jpg 300w, https:\/\/archive.sana.sy\/es\/wp-content\/uploads\/2021\/07\/photo_2021-07-25_18-31-42-1024x768.jpg 1024w, https:\/\/archive.sana.sy\/es\/wp-content\/uploads\/2021\/07\/photo_2021-07-25_18-31-42-150x112.jpg 150w, https:\/\/archive.sana.sy\/es\/wp-content\/uploads\/2021\/07\/photo_2021-07-25_18-31-42-768x576.jpg 768w, https:\/\/archive.sana.sy\/es\/wp-content\/uploads\/2021\/07\/photo_2021-07-25_18-31-42-1536x1152.jpg 1536w, https:\/\/archive.sana.sy\/es\/wp-content\/uploads\/2021\/07\/photo_2021-07-25_18-31-42-2048x1536.jpg 2048w\" sizes=\"(max-width: 2560px) 100vw, 2560px\" \/><\/a>\n\t\t\t<\/div><\/figure><figure class='gallery-item'>\n\t\t\t<div class='gallery-icon landscape'>\n\t\t\t\t<a href='https:\/\/archive.sana.sy\/es\/wp-content\/uploads\/2021\/07\/photo_2021-07-25_18-31-47-scaled.jpg'><img loading=\"lazy\" decoding=\"async\" width=\"2560\" height=\"1707\" src=\"https:\/\/archive.sana.sy\/es\/wp-content\/uploads\/2021\/07\/photo_2021-07-25_18-31-47-scaled.jpg\" class=\"attachment-full size-full\" alt=\"\" srcset=\"https:\/\/archive.sana.sy\/es\/wp-content\/uploads\/2021\/07\/photo_2021-07-25_18-31-47-scaled.jpg 2560w, https:\/\/archive.sana.sy\/es\/wp-content\/uploads\/2021\/07\/photo_2021-07-25_18-31-47-300x200.jpg 300w, https:\/\/archive.sana.sy\/es\/wp-content\/uploads\/2021\/07\/photo_2021-07-25_18-31-47-1024x683.jpg 1024w, https:\/\/archive.sana.sy\/es\/wp-content\/uploads\/2021\/07\/photo_2021-07-25_18-31-47-150x100.jpg 150w, https:\/\/archive.sana.sy\/es\/wp-content\/uploads\/2021\/07\/photo_2021-07-25_18-31-47-768x512.jpg 768w, https:\/\/archive.sana.sy\/es\/wp-content\/uploads\/2021\/07\/photo_2021-07-25_18-31-47-1536x1024.jpg 1536w, https:\/\/archive.sana.sy\/es\/wp-content\/uploads\/2021\/07\/photo_2021-07-25_18-31-47-2048x1366.jpg 2048w\" sizes=\"(max-width: 2560px) 100vw, 2560px\" \/><\/a>\n\t\t\t<\/div><\/figure><figure class='gallery-item'>\n\t\t\t<div class='gallery-icon landscape'>\n\t\t\t\t<a href='https:\/\/archive.sana.sy\/es\/wp-content\/uploads\/2021\/07\/photo_2021-07-25_18-59-52-scaled.jpg'><img loading=\"lazy\" decoding=\"async\" width=\"2560\" height=\"1440\" src=\"https:\/\/archive.sana.sy\/es\/wp-content\/uploads\/2021\/07\/photo_2021-07-25_18-59-52-scaled.jpg\" class=\"attachment-full size-full\" alt=\"\" srcset=\"https:\/\/archive.sana.sy\/es\/wp-content\/uploads\/2021\/07\/photo_2021-07-25_18-59-52-scaled.jpg 2560w, https:\/\/archive.sana.sy\/es\/wp-content\/uploads\/2021\/07\/photo_2021-07-25_18-59-52-300x169.jpg 300w, https:\/\/archive.sana.sy\/es\/wp-content\/uploads\/2021\/07\/photo_2021-07-25_18-59-52-1024x576.jpg 1024w, https:\/\/archive.sana.sy\/es\/wp-content\/uploads\/2021\/07\/photo_2021-07-25_18-59-52-150x84.jpg 150w, https:\/\/archive.sana.sy\/es\/wp-content\/uploads\/2021\/07\/photo_2021-07-25_18-59-52-768x432.jpg 768w, https:\/\/archive.sana.sy\/es\/wp-content\/uploads\/2021\/07\/photo_2021-07-25_18-59-52-1536x864.jpg 1536w, https:\/\/archive.sana.sy\/es\/wp-content\/uploads\/2021\/07\/photo_2021-07-25_18-59-52-2048x1152.jpg 2048w\" sizes=\"(max-width: 2560px) 100vw, 2560px\" \/><\/a>\n\t\t\t<\/div><\/figure><figure class='gallery-item'>\n\t\t\t<div class='gallery-icon landscape'>\n\t\t\t\t<a href='https:\/\/archive.sana.sy\/es\/wp-content\/uploads\/2021\/07\/photo_2021-07-25_18-59-54-scaled.jpg'><img loading=\"lazy\" decoding=\"async\" width=\"2560\" height=\"1441\" src=\"https:\/\/archive.sana.sy\/es\/wp-content\/uploads\/2021\/07\/photo_2021-07-25_18-59-54-scaled.jpg\" class=\"attachment-full size-full\" alt=\"\" srcset=\"https:\/\/archive.sana.sy\/es\/wp-content\/uploads\/2021\/07\/photo_2021-07-25_18-59-54-scaled.jpg 2560w, https:\/\/archive.sana.sy\/es\/wp-content\/uploads\/2021\/07\/photo_2021-07-25_18-59-54-300x169.jpg 300w, https:\/\/archive.sana.sy\/es\/wp-content\/uploads\/2021\/07\/photo_2021-07-25_18-59-54-1024x576.jpg 1024w, https:\/\/archive.sana.sy\/es\/wp-content\/uploads\/2021\/07\/photo_2021-07-25_18-59-54-150x84.jpg 150w, https:\/\/archive.sana.sy\/es\/wp-content\/uploads\/2021\/07\/photo_2021-07-25_18-59-54-768x432.jpg 768w, https:\/\/archive.sana.sy\/es\/wp-content\/uploads\/2021\/07\/photo_2021-07-25_18-59-54-1536x864.jpg 1536w, https:\/\/archive.sana.sy\/es\/wp-content\/uploads\/2021\/07\/photo_2021-07-25_18-59-54-2048x1153.jpg 2048w\" sizes=\"(max-width: 2560px) 100vw, 2560px\" \/><\/a>\n\t\t\t<\/div><\/figure><figure class='gallery-item'>\n\t\t\t<div class='gallery-icon landscape'>\n\t\t\t\t<a href='https:\/\/archive.sana.sy\/es\/wp-content\/uploads\/2021\/07\/photo_2021-07-25_18-59-56-scaled.jpg'><img loading=\"lazy\" decoding=\"async\" width=\"2560\" height=\"1439\" src=\"https:\/\/archive.sana.sy\/es\/wp-content\/uploads\/2021\/07\/photo_2021-07-25_18-59-56-scaled.jpg\" class=\"attachment-full size-full\" alt=\"\" srcset=\"https:\/\/archive.sana.sy\/es\/wp-content\/uploads\/2021\/07\/photo_2021-07-25_18-59-56-scaled.jpg 2560w, https:\/\/archive.sana.sy\/es\/wp-content\/uploads\/2021\/07\/photo_2021-07-25_18-59-56-300x169.jpg 300w, https:\/\/archive.sana.sy\/es\/wp-content\/uploads\/2021\/07\/photo_2021-07-25_18-59-56-1024x576.jpg 1024w, https:\/\/archive.sana.sy\/es\/wp-content\/uploads\/2021\/07\/photo_2021-07-25_18-59-56-150x84.jpg 150w, https:\/\/archive.sana.sy\/es\/wp-content\/uploads\/2021\/07\/photo_2021-07-25_18-59-56-768x432.jpg 768w, https:\/\/archive.sana.sy\/es\/wp-content\/uploads\/2021\/07\/photo_2021-07-25_18-59-56-1536x864.jpg 1536w, https:\/\/archive.sana.sy\/es\/wp-content\/uploads\/2021\/07\/photo_2021-07-25_18-59-56-2048x1151.jpg 2048w\" sizes=\"(max-width: 2560px) 100vw, 2560px\" \/><\/a>\n\t\t\t<\/div><\/figure>\n\t\t<\/div>\n\n","protected":false},"excerpt":{"rendered":"<p>Damasco, SANA Con la participaci\u00f3n de un centenar de empresas industriales sirias arranc\u00f3 en la capital iraqu\u00ed Bagdad la Feria \u201cHecho en Siria\u201d organizada por la Oficina Regional de la Uni\u00f3n de Exportadores e Importadores \u00c1rabes en Siria y la Asociaci\u00f3n de Exportadores Sirios de Prendas y Textiles, en cooperaci\u00f3n con las C\u00e1maras de Industria &hellip;<\/p>\n","protected":false},"author":30,"featured_media":190380,"comment_status":"closed","ping_status":"closed","sticky":false,"template":"","format":"standard","meta":{"footnotes":""},"categories":[597,16686,485,7541],"tags":[19311],"class_list":["post-190344","post","type-post","status-publish","format-standard","has-post-thumbnail","","category-cinta-de-noticias","category-economia","category-informes-negocios-y-finanzas","category-ultimas-noticias","tag-feria-hecho-en-siria-arranca-en-capital-iraqui-bagdad"],"_links":{"self":[{"href":"https:\/\/archive.sana.sy\/es\/index.php?rest_route=\/wp\/v2\/posts\/190344"}],"collection":[{"href":"https:\/\/archive.sana.sy\/es\/index.php?rest_route=\/wp\/v2\/posts"}],"about":[{"href":"https:\/\/archive.sana.sy\/es\/index.php?rest_route=\/wp\/v2\/types\/post"}],"author":[{"embeddable":true,"href":"https:\/\/archive.sana.sy\/es\/index.php?rest_route=\/wp\/v2\/users\/30"}],"replies":[{"embeddable":true,"href":"https:\/\/archive.sana.sy\/es\/index.php?rest_route=%2Fwp%2Fv2%2Fcomments&post=190344"}],"version-history":[{"count":0,"href":"https:\/\/archive.sana.sy\/es\/index.php?rest_route=\/wp\/v2\/posts\/190344\/revisions"}],"wp:featuredmedia":[{"embeddable":true,"href":"https:\/\/archive.sana.sy\/es\/index.php?rest_route=\/wp\/v2\/media\/190380"}],"wp:attachment":[{"href":"https:\/\/archive.sana.sy\/es\/index.php?rest_route=%2Fwp%2Fv2%2Fmedia&parent=190344"}],"wp:term":[{"taxonomy":"category","embeddable":true,"href":"https:\/\/archive.sana.sy\/es\/index.php?rest_route=%2Fwp%2Fv2%2Fcategories&post=190344"},{"taxonomy":"post_tag","embeddable":true,"href":"https:\/\/archive.sana.sy\/es\/index.php?rest_route=%2Fwp%2Fv2%2Ftags&post=190344"}],"curies":[{"name":"wp","href":"https:\/\/api.w.org\/{rel}","templated":true}]}}