{"id":190347,"date":"2021-07-25T18:38:14","date_gmt":"2021-07-25T15:38:14","guid":{"rendered":"http:\/\/107.6.182.27\/es\/?p=190347"},"modified":"2023-01-12T14:40:44","modified_gmt":"2023-01-12T12:40:44","slug":"fuerzas-de-seguridad-iraquies-arrestan-a-seis-terroristas-en-diferentes-partes-de-la-capital","status":"publish","type":"post","link":"https:\/\/archive.sana.sy\/es\/?p=190347","title":{"rendered":"Fuerzas de seguridad iraqu\u00edes arrestan a seis terroristas en diferentes partes de la capital"},"content":{"rendered":"<p style=\"text-align: justify;\"><span style=\"color: #800000;\"><strong>Bagdad, SANA<\/strong><\/span><\/p>\n<p style=\"text-align: justify;\">Las fuerzas de seguridad iraqu\u00edes arrestaron a seis terroristas en diferentes partes de la capital Bagdad.<\/p>\n<p style=\"text-align: justify;\">&#8220;Los departamentos de Inteligencia y Seguridad de Bagdad arrestaron hoy a cinco terroristas durante operaciones llevadas a cabo en las localidades de Al-Karkh y Al-Rasafa\u201d, divulg\u00f3 el sitio web iraqu\u00ed de noticias Alsumaria News, citando un comunicado del Comando de Operaciones de Bagdad.<\/p>\n<p style=\"text-align: justify;\">El comunicado agreg\u00f3 que la polic\u00eda de Bagdad arrest\u00f3 a un terrorista en la localidad de Al Nasr y Al-Salam.<\/p>\n<p style=\"text-align: justify;\">\u201cDurante las operaciones, fueron confiscadas armas y municiones de los terroristas\u201d, detall\u00f3 el comunicado.<\/p>\n<p style=\"text-align: justify;\"><strong><span style=\"color: #0000ff;\">ah\/fm<\/span><\/strong><\/p>\n","protected":false},"excerpt":{"rendered":"<p>Bagdad, SANA Las fuerzas de seguridad iraqu\u00edes arrestaron a seis terroristas en diferentes partes de la capital Bagdad. &#8220;Los departamentos de Inteligencia y Seguridad de Bagdad arrestaron hoy a cinco terroristas durante operaciones llevadas a cabo en las localidades de Al-Karkh y Al-Rasafa\u201d, divulg\u00f3 el sitio web iraqu\u00ed de noticias Alsumaria News, citando un comunicado &hellip;<\/p>\n","protected":false},"author":30,"featured_media":190348,"comment_status":"closed","ping_status":"closed","sticky":false,"template":"","format":"standard","meta":{"footnotes":""},"categories":[597,456],"tags":[19312],"class_list":["post-190347","post","type-post","status-publish","format-standard","has-post-thumbnail","","category-cinta-de-noticias","category-arabe-internacional-politica","tag-fuerzas-de-seguridad-iraquies-arrestan-a-seis-terroristas-en-diferentes-partes-de-la-capital"],"_links":{"self":[{"href":"https:\/\/archive.sana.sy\/es\/index.php?rest_route=\/wp\/v2\/posts\/190347"}],"collection":[{"href":"https:\/\/archive.sana.sy\/es\/index.php?rest_route=\/wp\/v2\/posts"}],"about":[{"href":"https:\/\/archive.sana.sy\/es\/index.php?rest_route=\/wp\/v2\/types\/post"}],"author":[{"embeddable":true,"href":"https:\/\/archive.sana.sy\/es\/index.php?rest_route=\/wp\/v2\/users\/30"}],"replies":[{"embeddable":true,"href":"https:\/\/archive.sana.sy\/es\/index.php?rest_route=%2Fwp%2Fv2%2Fcomments&post=190347"}],"version-history":[{"count":0,"href":"https:\/\/archive.sana.sy\/es\/index.php?rest_route=\/wp\/v2\/posts\/190347\/revisions"}],"wp:featuredmedia":[{"embeddable":true,"href":"https:\/\/archive.sana.sy\/es\/index.php?rest_route=\/wp\/v2\/media\/190348"}],"wp:attachment":[{"href":"https:\/\/archive.sana.sy\/es\/index.php?rest_route=%2Fwp%2Fv2%2Fmedia&parent=190347"}],"wp:term":[{"taxonomy":"category","embeddable":true,"href":"https:\/\/archive.sana.sy\/es\/index.php?rest_route=%2Fwp%2Fv2%2Fcategories&post=190347"},{"taxonomy":"post_tag","embeddable":true,"href":"https:\/\/archive.sana.sy\/es\/index.php?rest_route=%2Fwp%2Fv2%2Ftags&post=190347"}],"curies":[{"name":"wp","href":"https:\/\/api.w.org\/{rel}","templated":true}]}}