{"id":190350,"date":"2021-07-25T19:03:35","date_gmt":"2021-07-25T16:03:35","guid":{"rendered":"http:\/\/107.6.182.27\/es\/?p=190350"},"modified":"2021-07-25T19:03:35","modified_gmt":"2021-07-25T16:03:35","slug":"siria-es-la-fortaleza-de-las-fuerzas-de-liberacion-arabes-afirma-partido-baath-en-libano","status":"publish","type":"post","link":"https:\/\/archive.sana.sy\/es\/?p=190350","title":{"rendered":"Siria es la fortaleza de las fuerzas de liberaci\u00f3n \u00e1rabes, afirma Partido Baath en L\u00edbano"},"content":{"rendered":"<p style=\"text-align: justify;\"><span style=\"color: #800000;\"><strong>Beirut, SANA<\/strong><\/span><\/p>\n<p style=\"text-align: justify;\">La Direcci\u00f3n Nacional del Partido Baath \u00c1rabe Socialista en el L\u00edbano ratific\u00f3 que Siria fue y seguir\u00e1 siendo la cuna y partidaria de todas las fuerzas de liberaci\u00f3n \u00e1rabes que luchan por liberar la tierra y recuperar todos los derechos.<\/p>\n<p style=\"text-align: justify;\">Inst\u00f3 por medio de un comunicado, a iniciar un di\u00e1logo sirio-liban\u00e9s por ser la base para resolver todas las crisis que enfrentan los dos pa\u00edses.<\/p>\n<p style=\"text-align: justify;\">El texto llam\u00f3 a coordinar posiciones entre el L\u00edbano y Siria a nivel internacional, regional y \u00e1rabe, y llam\u00f3 a las Naciones Unidas y al Consejo de Seguridad a asumir sus responsabilidades ya que las acciones del enemigo sionista amenazan la paz y la seguridad internacionales.<\/p>\n<p style=\"text-align: justify;\">Destac\u00f3 que tras el fracaso de la maquinaria militar sionista se adopt\u00f3 una pol\u00edtica de presiones y asedio contra los dos pa\u00edses, lo cual exige una movilizaci\u00f3n en todos los niveles para protegerse del peligro existente y desvelar las herramientas internas del proyecto sionista- estadounidense.<\/p>\n<p style=\"text-align: justify;\">Fortalecer la unidad nacional como arma efectiva frente a esta guerra ser\u00eda el punto de partida para enfrentar este gran peligro, concluy\u00f3 la declaraci\u00f3n.<\/p>\n<p style=\"text-align: justify;\"><span style=\"color: #0000ff;\"><strong>ah\/fm<\/strong><\/span><\/p>\n","protected":false},"excerpt":{"rendered":"<p>Beirut, SANA La Direcci\u00f3n Nacional del Partido Baath \u00c1rabe Socialista en el L\u00edbano ratific\u00f3 que Siria fue y seguir\u00e1 siendo la cuna y partidaria de todas las fuerzas de liberaci\u00f3n \u00e1rabes que luchan por liberar la tierra y recuperar todos los derechos. Inst\u00f3 por medio de un comunicado, a iniciar un di\u00e1logo sirio-liban\u00e9s por ser &hellip;<\/p>\n","protected":false},"author":30,"featured_media":190351,"comment_status":"closed","ping_status":"closed","sticky":false,"template":"","format":"standard","meta":{"footnotes":""},"categories":[597,467,7541],"tags":[19314,19313],"class_list":["post-190350","post","type-post","status-publish","format-standard","has-post-thumbnail","","category-cinta-de-noticias","category-siria-y-el-mundo","category-ultimas-noticias","tag-afirma-partido-baath-en-libano","tag-siria-es-la-fortaleza-de-las-fuerzas-de-liberacion-arabes"],"_links":{"self":[{"href":"https:\/\/archive.sana.sy\/es\/index.php?rest_route=\/wp\/v2\/posts\/190350"}],"collection":[{"href":"https:\/\/archive.sana.sy\/es\/index.php?rest_route=\/wp\/v2\/posts"}],"about":[{"href":"https:\/\/archive.sana.sy\/es\/index.php?rest_route=\/wp\/v2\/types\/post"}],"author":[{"embeddable":true,"href":"https:\/\/archive.sana.sy\/es\/index.php?rest_route=\/wp\/v2\/users\/30"}],"replies":[{"embeddable":true,"href":"https:\/\/archive.sana.sy\/es\/index.php?rest_route=%2Fwp%2Fv2%2Fcomments&post=190350"}],"version-history":[{"count":0,"href":"https:\/\/archive.sana.sy\/es\/index.php?rest_route=\/wp\/v2\/posts\/190350\/revisions"}],"wp:featuredmedia":[{"embeddable":true,"href":"https:\/\/archive.sana.sy\/es\/index.php?rest_route=\/wp\/v2\/media\/190351"}],"wp:attachment":[{"href":"https:\/\/archive.sana.sy\/es\/index.php?rest_route=%2Fwp%2Fv2%2Fmedia&parent=190350"}],"wp:term":[{"taxonomy":"category","embeddable":true,"href":"https:\/\/archive.sana.sy\/es\/index.php?rest_route=%2Fwp%2Fv2%2Fcategories&post=190350"},{"taxonomy":"post_tag","embeddable":true,"href":"https:\/\/archive.sana.sy\/es\/index.php?rest_route=%2Fwp%2Fv2%2Ftags&post=190350"}],"curies":[{"name":"wp","href":"https:\/\/api.w.org\/{rel}","templated":true}]}}