{"id":190501,"date":"2021-07-26T15:48:50","date_gmt":"2021-07-26T12:48:50","guid":{"rendered":"http:\/\/107.6.182.27\/es\/?p=190501"},"modified":"2023-01-12T14:40:44","modified_gmt":"2023-01-12T12:40:44","slug":"presidente-tunecino-suspende-actividad-parlamentaria","status":"publish","type":"post","link":"https:\/\/archive.sana.sy\/es\/?p=190501","title":{"rendered":"Presidente tunecino suspende actividad parlamentaria"},"content":{"rendered":"<p><span style=\"color: #800000;\">T\u00fanez, SANA<\/span><\/p>\n<p style=\"text-align: justify;\">La presidencia tunecina pidi\u00f3 a los ciudadanos que sean conscientes en esta delicada situaci\u00f3n que atraviesa el pa\u00eds, y explic\u00f3 que la decisi\u00f3n presidencial de suspender la actividad del Parlamento tunecino continuar\u00e1 durante 30 d\u00edas.<\/p>\n<p style=\"text-align: justify;\">Por medio de un comunicado, la presidencia tunecina detall\u00f3 que las decisiones del presidente Kais Saied se tomaron despu\u00e9s de consultar al primer ministro y al presidente de la Asamblea de Representantes del Pueblo, y de conformidad con el art\u00edculo 80 de la Constituci\u00f3n.<\/p>\n<p style=\"text-align: justify;\">La nota oficial agreg\u00f3 que se levant\u00f3 la inmunidad parlamentaria de todos los miembros de la Asamblea de Representantes del Pueblo, y que el Presidente de la Rep\u00fablica asumi\u00f3 el poder ejecutivo.<\/p>\n<p style=\"text-align: justify;\">Mientras tanto, el peri\u00f3dico tunecino Al-Shorouk inform\u00f3 que el presidente Saied asign\u00f3 hoy a Khaled Al Yahyaoui, director general de la Unidad de Seguridad Presidencial, para copmo ministro del Interior tras la destituci\u00f3n del gobierno.<\/p>\n<p style=\"text-align: justify;\">A su vez, la agencia de noticias Reuters cit\u00f3 a una fuente que describi\u00f3 como cercana al derrocado primer ministro tunecino, Hisham al-Mashishi, diciendo que este \u00faltimo est\u00e1 en su casa y no est\u00e1 bajo arresto.<\/p>\n<p style=\"text-align: justify;\">El domingo por la noche, el presidente tunecino anunci\u00f3 congelar el trabajo del parlamento y la exenci\u00f3n de Al-Mashishi de su cargo a la luz de las protestas generalizadas que tuvieron lugar en muchas ciudades del pa\u00eds.<\/p>\n<p style=\"text-align: justify;\"><em>mm<\/em><\/p>\n","protected":false},"excerpt":{"rendered":"<p>T\u00fanez, SANA La presidencia tunecina pidi\u00f3 a los ciudadanos que sean conscientes en esta delicada situaci\u00f3n que atraviesa el pa\u00eds, y explic\u00f3 que la decisi\u00f3n presidencial de suspender la actividad del Parlamento tunecino continuar\u00e1 durante 30 d\u00edas. Por medio de un comunicado, la presidencia tunecina detall\u00f3 que las decisiones del presidente Kais Saied se tomaron &hellip;<\/p>\n","protected":false},"author":36,"featured_media":190502,"comment_status":"closed","ping_status":"closed","sticky":false,"template":"","format":"standard","meta":{"footnotes":""},"categories":[597,456,457],"tags":[],"class_list":["post-190501","post","type-post","status-publish","format-standard","has-post-thumbnail","","category-cinta-de-noticias","category-arabe-internacional-politica","category-noticias-arabe-internacional-politica"],"_links":{"self":[{"href":"https:\/\/archive.sana.sy\/es\/index.php?rest_route=\/wp\/v2\/posts\/190501"}],"collection":[{"href":"https:\/\/archive.sana.sy\/es\/index.php?rest_route=\/wp\/v2\/posts"}],"about":[{"href":"https:\/\/archive.sana.sy\/es\/index.php?rest_route=\/wp\/v2\/types\/post"}],"author":[{"embeddable":true,"href":"https:\/\/archive.sana.sy\/es\/index.php?rest_route=\/wp\/v2\/users\/36"}],"replies":[{"embeddable":true,"href":"https:\/\/archive.sana.sy\/es\/index.php?rest_route=%2Fwp%2Fv2%2Fcomments&post=190501"}],"version-history":[{"count":0,"href":"https:\/\/archive.sana.sy\/es\/index.php?rest_route=\/wp\/v2\/posts\/190501\/revisions"}],"wp:featuredmedia":[{"embeddable":true,"href":"https:\/\/archive.sana.sy\/es\/index.php?rest_route=\/wp\/v2\/media\/190502"}],"wp:attachment":[{"href":"https:\/\/archive.sana.sy\/es\/index.php?rest_route=%2Fwp%2Fv2%2Fmedia&parent=190501"}],"wp:term":[{"taxonomy":"category","embeddable":true,"href":"https:\/\/archive.sana.sy\/es\/index.php?rest_route=%2Fwp%2Fv2%2Fcategories&post=190501"},{"taxonomy":"post_tag","embeddable":true,"href":"https:\/\/archive.sana.sy\/es\/index.php?rest_route=%2Fwp%2Fv2%2Ftags&post=190501"}],"curies":[{"name":"wp","href":"https:\/\/api.w.org\/{rel}","templated":true}]}}