{"id":190504,"date":"2021-07-26T16:14:48","date_gmt":"2021-07-26T13:14:48","guid":{"rendered":"http:\/\/107.6.182.27\/es\/?p=190504"},"modified":"2023-01-10T15:13:56","modified_gmt":"2023-01-10T13:13:56","slug":"arranca-en-damasco-la-a3-conferencia-sobre-la-tecnologia-de-la-industria-del-cemento","status":"publish","type":"post","link":"https:\/\/archive.sana.sy\/es\/?p=190504","title":{"rendered":"Arranca en Damasco la \u00aa3 conferencia sobre la tecnolog\u00eda de la Industria del Cemento"},"content":{"rendered":"<p><span style=\"color: #800000;\">Damasco, SANA<\/span><\/p>\n<p style=\"text-align: justify;\">Las actividades de la \u00aa3 Conferencia sobre Tecnolog\u00eda de la Industria del Cemento 2021 arrancaron hoy en el Hotel Al-Sham en Damasco, con la participaci\u00f3n de delegaciones y expertos de pa\u00edses \u00e1rabes y extranjeros.<\/p>\n<p style=\"text-align: justify;\">La conferencia abordar\u00e1 agendas de trabajo y contra con presentaciones sobre tecnolog\u00edas modernas en el campo de la industria del cemento y la reducci\u00f3n de su impacto en el medio ambiente.<\/p>\n<p style=\"text-align: justify;\">La conferencia, que est\u00e1 organizada en cooperaci\u00f3n entre el Ministerio de Industria y el Grup\u00f2 Industrial SIM, reunir\u00e1 a expertos y representantes de empresas de varios pa\u00edses, incluidos China, Egipto, Ir\u00e1n, Irak, Jordania y Suiza.<\/p>\n<p style=\"text-align: justify;\">En declaraciones a la prensa, el ministro de Industria del gobierno interino, Ziad Sabbagh, destac\u00f3 la importancia de la conferencia ya que la industria del cemento es una de las industrias estrat\u00e9gicas en la fase de reconstrucci\u00f3n.<\/p>\n<p style=\"text-align: justify;\">Seg\u00fan el titular de Industria, Siria posee las materias primas necesarias para esta industria.<\/p>\n<p style=\"text-align: justify;\">El Director dl Grupo industrial SIM, Gabriel Al-Ashhab, indic\u00f3 que la conferencia tiene como objetivo contribuir al desarrollo de la industria cementera y la b\u00fasqueda de soluciones a los problemas y desaf\u00edos que enfrenta a nivel local.<\/p>\n<p><em>mm<\/em><\/p>\n","protected":false},"excerpt":{"rendered":"<p>Damasco, SANA Las actividades de la \u00aa3 Conferencia sobre Tecnolog\u00eda de la Industria del Cemento 2021 arrancaron hoy en el Hotel Al-Sham en Damasco, con la participaci\u00f3n de delegaciones y expertos de pa\u00edses \u00e1rabes y extranjeros. La conferencia abordar\u00e1 agendas de trabajo y contra con presentaciones sobre tecnolog\u00edas modernas en el campo de la industria &hellip;<\/p>\n","protected":false},"author":36,"featured_media":190505,"comment_status":"closed","ping_status":"closed","sticky":false,"template":"","format":"standard","meta":{"footnotes":""},"categories":[597,16686,485],"tags":[],"class_list":["post-190504","post","type-post","status-publish","format-standard","has-post-thumbnail","","category-cinta-de-noticias","category-economia","category-informes-negocios-y-finanzas"],"_links":{"self":[{"href":"https:\/\/archive.sana.sy\/es\/index.php?rest_route=\/wp\/v2\/posts\/190504"}],"collection":[{"href":"https:\/\/archive.sana.sy\/es\/index.php?rest_route=\/wp\/v2\/posts"}],"about":[{"href":"https:\/\/archive.sana.sy\/es\/index.php?rest_route=\/wp\/v2\/types\/post"}],"author":[{"embeddable":true,"href":"https:\/\/archive.sana.sy\/es\/index.php?rest_route=\/wp\/v2\/users\/36"}],"replies":[{"embeddable":true,"href":"https:\/\/archive.sana.sy\/es\/index.php?rest_route=%2Fwp%2Fv2%2Fcomments&post=190504"}],"version-history":[{"count":0,"href":"https:\/\/archive.sana.sy\/es\/index.php?rest_route=\/wp\/v2\/posts\/190504\/revisions"}],"wp:featuredmedia":[{"embeddable":true,"href":"https:\/\/archive.sana.sy\/es\/index.php?rest_route=\/wp\/v2\/media\/190505"}],"wp:attachment":[{"href":"https:\/\/archive.sana.sy\/es\/index.php?rest_route=%2Fwp%2Fv2%2Fmedia&parent=190504"}],"wp:term":[{"taxonomy":"category","embeddable":true,"href":"https:\/\/archive.sana.sy\/es\/index.php?rest_route=%2Fwp%2Fv2%2Fcategories&post=190504"},{"taxonomy":"post_tag","embeddable":true,"href":"https:\/\/archive.sana.sy\/es\/index.php?rest_route=%2Fwp%2Fv2%2Ftags&post=190504"}],"curies":[{"name":"wp","href":"https:\/\/api.w.org\/{rel}","templated":true}]}}