{"id":190507,"date":"2021-07-26T17:30:59","date_gmt":"2021-07-26T14:30:59","guid":{"rendered":"http:\/\/107.6.182.27\/es\/?p=190507"},"modified":"2023-01-10T15:13:56","modified_gmt":"2023-01-10T13:13:56","slug":"33-fabricas-especializadas-en-la-produccion-de-conservas-operan-en-deraa","status":"publish","type":"post","link":"https:\/\/archive.sana.sy\/es\/?p=190507","title":{"rendered":"33 f\u00e1bricas especializadas en la producci\u00f3n de conservas operan en Deraa"},"content":{"rendered":"<p><span style=\"color: #800000;\">Deraa, SANA<\/span><\/p>\n<p style=\"text-align: justify;\">El director del Departamento de Industria en la provincia de Daraa, Imad Al-Rifai, dijo que 33 f\u00e1bricas especializadas en la industria de conservas comienzan su proceso de producci\u00f3n en el s\u00e9ptimo mes de cada a\u00f1o y terminan a mediados de noviembre, y su capacidad de producci\u00f3n oscila entre 70 y 200 toneladas diarias.<\/p>\n<p style=\"text-align: justify;\">Al-Rifai agreg\u00f3 que el Departamento de Industria est\u00e1 trabajando con las autoridades interesadas para proporcionar a dichas fabricas los requisitos necesarios para la producci\u00f3n, especialmente diesel y combustible.<\/p>\n<p style=\"text-align: justify;\">A pesar de las dificultades que enfrenta la producci\u00f3n como consecuencia de la guerra terrorista en Siria, las f\u00e1bricas especializadas en la industria de conservas continuaron trabajando y ofreciendo productos en los mercados locales.<\/p>\n<div id='gallery-1' class='gallery galleryid-190507 gallery-columns-1 gallery-size-full'><figure class='gallery-item'>\n\t\t\t<div class='gallery-icon landscape'>\n\t\t\t\t<a href='https:\/\/archive.sana.sy\/es\/?attachment_id=190509'><img loading=\"lazy\" decoding=\"async\" width=\"660\" height=\"440\" src=\"https:\/\/archive.sana.sy\/es\/wp-content\/uploads\/2021\/07\/2-7.jpg\" class=\"attachment-full size-full\" alt=\"\" srcset=\"https:\/\/archive.sana.sy\/es\/wp-content\/uploads\/2021\/07\/2-7.jpg 660w, https:\/\/archive.sana.sy\/es\/wp-content\/uploads\/2021\/07\/2-7-300x200.jpg 300w, https:\/\/archive.sana.sy\/es\/wp-content\/uploads\/2021\/07\/2-7-150x100.jpg 150w\" sizes=\"(max-width: 660px) 100vw, 660px\" \/><\/a>\n\t\t\t<\/div><\/figure><figure class='gallery-item'>\n\t\t\t<div class='gallery-icon landscape'>\n\t\t\t\t<a href='https:\/\/archive.sana.sy\/es\/?attachment_id=190510'><img loading=\"lazy\" decoding=\"async\" width=\"660\" height=\"413\" src=\"https:\/\/archive.sana.sy\/es\/wp-content\/uploads\/2021\/07\/3-18.jpg\" class=\"attachment-full size-full\" alt=\"\" srcset=\"https:\/\/archive.sana.sy\/es\/wp-content\/uploads\/2021\/07\/3-18.jpg 660w, https:\/\/archive.sana.sy\/es\/wp-content\/uploads\/2021\/07\/3-18-300x188.jpg 300w, https:\/\/archive.sana.sy\/es\/wp-content\/uploads\/2021\/07\/3-18-150x94.jpg 150w\" sizes=\"(max-width: 660px) 100vw, 660px\" \/><\/a>\n\t\t\t<\/div><\/figure>\n\t\t<\/div>\n\n<p><em>mm<\/em><\/p>\n","protected":false},"excerpt":{"rendered":"<p>Deraa, SANA El director del Departamento de Industria en la provincia de Daraa, Imad Al-Rifai, dijo que 33 f\u00e1bricas especializadas en la industria de conservas comienzan su proceso de producci\u00f3n en el s\u00e9ptimo mes de cada a\u00f1o y terminan a mediados de noviembre, y su capacidad de producci\u00f3n oscila entre 70 y 200 toneladas diarias. &hellip;<\/p>\n","protected":false},"author":36,"featured_media":190508,"comment_status":"closed","ping_status":"closed","sticky":false,"template":"","format":"standard","meta":{"footnotes":""},"categories":[597,16686,485],"tags":[],"class_list":["post-190507","post","type-post","status-publish","format-standard","has-post-thumbnail","","category-cinta-de-noticias","category-economia","category-informes-negocios-y-finanzas"],"_links":{"self":[{"href":"https:\/\/archive.sana.sy\/es\/index.php?rest_route=\/wp\/v2\/posts\/190507"}],"collection":[{"href":"https:\/\/archive.sana.sy\/es\/index.php?rest_route=\/wp\/v2\/posts"}],"about":[{"href":"https:\/\/archive.sana.sy\/es\/index.php?rest_route=\/wp\/v2\/types\/post"}],"author":[{"embeddable":true,"href":"https:\/\/archive.sana.sy\/es\/index.php?rest_route=\/wp\/v2\/users\/36"}],"replies":[{"embeddable":true,"href":"https:\/\/archive.sana.sy\/es\/index.php?rest_route=%2Fwp%2Fv2%2Fcomments&post=190507"}],"version-history":[{"count":0,"href":"https:\/\/archive.sana.sy\/es\/index.php?rest_route=\/wp\/v2\/posts\/190507\/revisions"}],"wp:featuredmedia":[{"embeddable":true,"href":"https:\/\/archive.sana.sy\/es\/index.php?rest_route=\/wp\/v2\/media\/190508"}],"wp:attachment":[{"href":"https:\/\/archive.sana.sy\/es\/index.php?rest_route=%2Fwp%2Fv2%2Fmedia&parent=190507"}],"wp:term":[{"taxonomy":"category","embeddable":true,"href":"https:\/\/archive.sana.sy\/es\/index.php?rest_route=%2Fwp%2Fv2%2Fcategories&post=190507"},{"taxonomy":"post_tag","embeddable":true,"href":"https:\/\/archive.sana.sy\/es\/index.php?rest_route=%2Fwp%2Fv2%2Ftags&post=190507"}],"curies":[{"name":"wp","href":"https:\/\/api.w.org\/{rel}","templated":true}]}}