{"id":190819,"date":"2021-07-29T08:49:43","date_gmt":"2021-07-29T05:49:43","guid":{"rendered":"http:\/\/107.6.182.27\/es\/?p=190819"},"modified":"2023-01-10T15:13:54","modified_gmt":"2023-01-10T13:13:54","slug":"provincia-siria-produce-mas-de-200-toneladas-de-miel","status":"publish","type":"post","link":"https:\/\/archive.sana.sy\/es\/?p=190819","title":{"rendered":"Provincia siria produce m\u00e1s de 200 toneladas de miel"},"content":{"rendered":"<p style=\"text-align: justify;\"><span style=\"color: #800000;\"><strong>Homs, SANA<\/strong><\/span><\/p>\n<p style=\"text-align: justify;\">La Direcci\u00f3n de Agricultura de la provincia central de Homs estim\u00f3 la producci\u00f3n de miel en el a\u00f1o en curso en unas 200 toneladas.<\/p>\n<p style=\"text-align: justify;\">En una declaraci\u00f3n a SANA, el encargado de producci\u00f3n de miel, Naser Shoofan, dijo que el n\u00famero de panales de abeja en la provincia ascendi\u00f3 a m\u00e1s de 30 mil y la producci\u00f3n este a\u00f1o es el doble del a\u00f1o 2020.<\/p>\n<p style=\"text-align: justify;\">Por su parte, Maher Al-Kurdi, representante de la Uni\u00f3n \u00c1rabe de Apicultores en Homs, indic\u00f3 que las superficies plantadas con an\u00eds, hinojo, cilantro aumentan lo cual contribuye al aumento de la producci\u00f3n y el proceso de comercializaci\u00f3n.<\/p>\n<p style=\"text-align: justify;\"><span style=\"color: #0000ff;\"><strong>ed\/fm<\/strong><\/span><\/p>\n","protected":false},"excerpt":{"rendered":"<p>Homs, SANA La Direcci\u00f3n de Agricultura de la provincia central de Homs estim\u00f3 la producci\u00f3n de miel en el a\u00f1o en curso en unas 200 toneladas. En una declaraci\u00f3n a SANA, el encargado de producci\u00f3n de miel, Naser Shoofan, dijo que el n\u00famero de panales de abeja en la provincia ascendi\u00f3 a m\u00e1s de 30 &hellip;<\/p>\n","protected":false},"author":32,"featured_media":190820,"comment_status":"closed","ping_status":"closed","sticky":false,"template":"","format":"standard","meta":{"footnotes":""},"categories":[447,597,16686,485,476,7541],"tags":[],"class_list":["post-190819","post","type-post","status-publish","format-standard","has-post-thumbnail","","category-local-politica","category-cinta-de-noticias","category-economia","category-informes-negocios-y-finanzas","category-locales","category-ultimas-noticias"],"_links":{"self":[{"href":"https:\/\/archive.sana.sy\/es\/index.php?rest_route=\/wp\/v2\/posts\/190819"}],"collection":[{"href":"https:\/\/archive.sana.sy\/es\/index.php?rest_route=\/wp\/v2\/posts"}],"about":[{"href":"https:\/\/archive.sana.sy\/es\/index.php?rest_route=\/wp\/v2\/types\/post"}],"author":[{"embeddable":true,"href":"https:\/\/archive.sana.sy\/es\/index.php?rest_route=\/wp\/v2\/users\/32"}],"replies":[{"embeddable":true,"href":"https:\/\/archive.sana.sy\/es\/index.php?rest_route=%2Fwp%2Fv2%2Fcomments&post=190819"}],"version-history":[{"count":0,"href":"https:\/\/archive.sana.sy\/es\/index.php?rest_route=\/wp\/v2\/posts\/190819\/revisions"}],"wp:featuredmedia":[{"embeddable":true,"href":"https:\/\/archive.sana.sy\/es\/index.php?rest_route=\/wp\/v2\/media\/190820"}],"wp:attachment":[{"href":"https:\/\/archive.sana.sy\/es\/index.php?rest_route=%2Fwp%2Fv2%2Fmedia&parent=190819"}],"wp:term":[{"taxonomy":"category","embeddable":true,"href":"https:\/\/archive.sana.sy\/es\/index.php?rest_route=%2Fwp%2Fv2%2Fcategories&post=190819"},{"taxonomy":"post_tag","embeddable":true,"href":"https:\/\/archive.sana.sy\/es\/index.php?rest_route=%2Fwp%2Fv2%2Ftags&post=190819"}],"curies":[{"name":"wp","href":"https:\/\/api.w.org\/{rel}","templated":true}]}}