{"id":190846,"date":"2021-07-29T16:45:06","date_gmt":"2021-07-29T13:45:06","guid":{"rendered":"http:\/\/107.6.182.27\/es\/?p=190846"},"modified":"2021-07-29T16:45:12","modified_gmt":"2021-07-29T13:45:12","slug":"jefe-del-parlamento-jordano-destaca-importancia-de-coordinacion-parlamentaria-con-siria","status":"publish","type":"post","link":"https:\/\/archive.sana.sy\/es\/?p=190846","title":{"rendered":"Jefe del Parlamento jordano destaca importancia de coordinaci\u00f3n parlamentaria con Siria"},"content":{"rendered":"<p style=\"text-align: justify;\"><strong><span style=\"color: #800000;\">Amm\u00e1n, SANA<\/span><\/strong><\/p>\n<p style=\"text-align: justify;\">El presidente del Parlamento jordano, Abdel Moneim Oudat, examin\u00f3 hoy con el encargado de negocios de la embajada de Siria en Jordania, Isam Nayyal, las formas de impulsar la cooperaci\u00f3n parlamentaria entre ambos pa\u00edses.<\/p>\n<p style=\"text-align: justify;\">Durante la reuni\u00f3n, fueron debatidas varias cuestiones de inter\u00e9s com\u00fan.<\/p>\n<p style=\"text-align: justify;\">\u201cSigue en marcha la coordinaci\u00f3n parlamentaria sirio-jordana y aspiramos consolidarla en beneficio de los dos pueblos hermanos y en servicio a las causas de nuestra naci\u00f3n, principalmente la causa palestina\u201d, dijo Oudat.<\/p>\n<p style=\"text-align: justify;\">Hizo hincapi\u00e9 en la necesidad de alcanzar una soluci\u00f3n pol\u00edtica a la crisis en Siria que garantice su seguridad, estabilidad y la uni\u00f3n y soberan\u00eda de sus territorios.<\/p>\n<p style=\"text-align: justify;\">Por su parte, Nayyal elogi\u00f3 las posturas jordanas hacia Siria y destac\u00f3 la importancia de desarrollar y fomentar las v\u00edas de coordinaci\u00f3n parlamentaria conjunta.<\/p>\n<p style=\"text-align: justify;\">El diplom\u00e1tico sirio resalt\u00f3 la importancia de intercambiar visitas de delegaciones parlamentarias lo cual contribuye al inter\u00e9s de los dos pueblos hermanos y sirve a las causas centrales de la Naci\u00f3n \u00c1rabe.<\/p>\n<p style=\"text-align: justify;\">Destac\u00f3 el inter\u00e9s de Siria por continuar la cooperaci\u00f3n conjunta con Jordania, especialmente a la luz de la completa reactivaci\u00f3n del cruce fronterizo de Jaber con la vecina Jordania.<\/p>\n<p style=\"text-align: justify;\"><span style=\"color: #0000ff;\"><strong>ah\/fm<\/strong><\/span><\/p>\n","protected":false},"excerpt":{"rendered":"<p>Amm\u00e1n, SANA El presidente del Parlamento jordano, Abdel Moneim Oudat, examin\u00f3 hoy con el encargado de negocios de la embajada de Siria en Jordania, Isam Nayyal, las formas de impulsar la cooperaci\u00f3n parlamentaria entre ambos pa\u00edses. Durante la reuni\u00f3n, fueron debatidas varias cuestiones de inter\u00e9s com\u00fan. \u201cSigue en marcha la coordinaci\u00f3n parlamentaria sirio-jordana y aspiramos &hellip;<\/p>\n","protected":false},"author":30,"featured_media":190847,"comment_status":"closed","ping_status":"closed","sticky":false,"template":"","format":"standard","meta":{"footnotes":""},"categories":[597,467,7541],"tags":[19319],"class_list":["post-190846","post","type-post","status-publish","format-standard","has-post-thumbnail","","category-cinta-de-noticias","category-siria-y-el-mundo","category-ultimas-noticias","tag-jefe-del-parlamento-jordano-destaca-importancia-de-coordinacion-parlamentaria-con-siria"],"_links":{"self":[{"href":"https:\/\/archive.sana.sy\/es\/index.php?rest_route=\/wp\/v2\/posts\/190846"}],"collection":[{"href":"https:\/\/archive.sana.sy\/es\/index.php?rest_route=\/wp\/v2\/posts"}],"about":[{"href":"https:\/\/archive.sana.sy\/es\/index.php?rest_route=\/wp\/v2\/types\/post"}],"author":[{"embeddable":true,"href":"https:\/\/archive.sana.sy\/es\/index.php?rest_route=\/wp\/v2\/users\/30"}],"replies":[{"embeddable":true,"href":"https:\/\/archive.sana.sy\/es\/index.php?rest_route=%2Fwp%2Fv2%2Fcomments&post=190846"}],"version-history":[{"count":0,"href":"https:\/\/archive.sana.sy\/es\/index.php?rest_route=\/wp\/v2\/posts\/190846\/revisions"}],"wp:featuredmedia":[{"embeddable":true,"href":"https:\/\/archive.sana.sy\/es\/index.php?rest_route=\/wp\/v2\/media\/190847"}],"wp:attachment":[{"href":"https:\/\/archive.sana.sy\/es\/index.php?rest_route=%2Fwp%2Fv2%2Fmedia&parent=190846"}],"wp:term":[{"taxonomy":"category","embeddable":true,"href":"https:\/\/archive.sana.sy\/es\/index.php?rest_route=%2Fwp%2Fv2%2Fcategories&post=190846"},{"taxonomy":"post_tag","embeddable":true,"href":"https:\/\/archive.sana.sy\/es\/index.php?rest_route=%2Fwp%2Fv2%2Ftags&post=190846"}],"curies":[{"name":"wp","href":"https:\/\/api.w.org\/{rel}","templated":true}]}}