{"id":190857,"date":"2021-07-29T18:14:59","date_gmt":"2021-07-29T15:14:59","guid":{"rendered":"http:\/\/107.6.182.27\/es\/?p=190857"},"modified":"2021-07-29T18:14:59","modified_gmt":"2021-07-29T15:14:59","slug":"gobierno-adopta-programa-de-financiacion-para-proyectos-pequenos-y-medianos","status":"publish","type":"post","link":"https:\/\/archive.sana.sy\/es\/?p=190857","title":{"rendered":"Gobierno adopta programa de financiaci\u00f3n para proyectos peque\u00f1os y medianos"},"content":{"rendered":"<p style=\"text-align: justify;\"><span style=\"color: #800000;\"><strong>Damasco, SANA<\/strong><\/span><\/p>\n<p style=\"text-align: justify;\">El presidente del Gobierno en funciones, Ing. Hussein Arnous, encabez\u00f3 una reuni\u00f3n de los ministerios e entidades encargadas de gestionar el expediente de los proyectos peque\u00f1os y medianos, con la tarea de subyugar las dificultades y crear un ambiente propicio para este tipo de proyectos vitales dada su importancia para los planes de desarrollo econ\u00f3mico y social.<\/p>\n<p style=\"text-align: justify;\">El jefe del gabinete reiter\u00f3 el inter\u00e9s gubernamental por brindar apoyo verdadero al programa de proyectos peque\u00f1os y medianos porque constituyen una verdadera oportunidad para fomentar el desarrollo, y porque son ventajosos y pueden extenderse por toda la geograf\u00eda del pa\u00eds.<\/p>\n<p style=\"text-align: justify;\">Al final de la reuni\u00f3n se resolvi\u00f3 encomendar al Banco Comercial Sirio de poner en marcha un programa de financiaci\u00f3n para proyectos peque\u00f1os y medianos que cubra algunos sectores prioritarios como &#8220;las energ\u00edas renovables, las f\u00e1bricas de yogur, queso y forrajes, adem\u00e1s de las prensas de aceite, las f\u00e1bricas de madera, aluminio, pl\u00e1stico, tuber\u00edas, calzado, ropa confeccionada, a\u00f1\u00e1dales las industrias el\u00e9ctricas, electr\u00f3nicas, artesanales y productos agr\u00edcolas empaquetados.<\/p>\n<p><span style=\"color: #0000ff;\"><strong>rsh\/ah<\/strong><\/span><\/p>\n","protected":false},"excerpt":{"rendered":"<p>Damasco, SANA El presidente del Gobierno en funciones, Ing. Hussein Arnous, encabez\u00f3 una reuni\u00f3n de los ministerios e entidades encargadas de gestionar el expediente de los proyectos peque\u00f1os y medianos, con la tarea de subyugar las dificultades y crear un ambiente propicio para este tipo de proyectos vitales dada su importancia para los planes de &hellip;<\/p>\n","protected":false},"author":30,"featured_media":190858,"comment_status":"closed","ping_status":"closed","sticky":false,"template":"","format":"standard","meta":{"footnotes":""},"categories":[597,476,7541],"tags":[19322],"class_list":["post-190857","post","type-post","status-publish","format-standard","has-post-thumbnail","","category-cinta-de-noticias","category-locales","category-ultimas-noticias","tag-gobierno-adopta-programa-de-financiacion-para-proyectos-pequenos-y-medianos"],"_links":{"self":[{"href":"https:\/\/archive.sana.sy\/es\/index.php?rest_route=\/wp\/v2\/posts\/190857"}],"collection":[{"href":"https:\/\/archive.sana.sy\/es\/index.php?rest_route=\/wp\/v2\/posts"}],"about":[{"href":"https:\/\/archive.sana.sy\/es\/index.php?rest_route=\/wp\/v2\/types\/post"}],"author":[{"embeddable":true,"href":"https:\/\/archive.sana.sy\/es\/index.php?rest_route=\/wp\/v2\/users\/30"}],"replies":[{"embeddable":true,"href":"https:\/\/archive.sana.sy\/es\/index.php?rest_route=%2Fwp%2Fv2%2Fcomments&post=190857"}],"version-history":[{"count":0,"href":"https:\/\/archive.sana.sy\/es\/index.php?rest_route=\/wp\/v2\/posts\/190857\/revisions"}],"wp:featuredmedia":[{"embeddable":true,"href":"https:\/\/archive.sana.sy\/es\/index.php?rest_route=\/wp\/v2\/media\/190858"}],"wp:attachment":[{"href":"https:\/\/archive.sana.sy\/es\/index.php?rest_route=%2Fwp%2Fv2%2Fmedia&parent=190857"}],"wp:term":[{"taxonomy":"category","embeddable":true,"href":"https:\/\/archive.sana.sy\/es\/index.php?rest_route=%2Fwp%2Fv2%2Fcategories&post=190857"},{"taxonomy":"post_tag","embeddable":true,"href":"https:\/\/archive.sana.sy\/es\/index.php?rest_route=%2Fwp%2Fv2%2Ftags&post=190857"}],"curies":[{"name":"wp","href":"https:\/\/api.w.org\/{rel}","templated":true}]}}