{"id":190933,"date":"2021-07-30T08:34:20","date_gmt":"2021-07-30T05:34:20","guid":{"rendered":"http:\/\/107.6.182.27\/es\/?p=190933"},"modified":"2021-07-30T10:11:27","modified_gmt":"2021-07-30T07:11:27","slug":"presidente-al-assad-felicita-a-nuevo-presidente-de-peru","status":"publish","type":"post","link":"https:\/\/archive.sana.sy\/es\/?p=190933","title":{"rendered":"Presidente Al-Assad felicita a nuevo presidente de Per\u00fa"},"content":{"rendered":"<p style=\"text-align: justify;\"><span style=\"color: #800000;\"><strong>Lima, SANA<\/strong><\/span><\/p>\n<p style=\"text-align: justify;\">En nombre del presidente Bashar al-Assad y del Gobierno de la Rep\u00fablica \u00c1rabe Siria, el embajador sirio en la Rep\u00fablica Bolivariana de Venezuela, Khalil Bitar, felicit\u00f3 al nuevo presidente de Per\u00fa, Pedro Castillo, durante su acto de investidura.<\/p>\n<p style=\"text-align: justify;\">Durante su participaci\u00f3n en la recepci\u00f3n oficial organizada por la Presidencia de la Rep\u00fablica del Per\u00fa a las delegaciones participantes, el embajador Bitar transmiti\u00f3 los deseos de \u00e9xito al presidente Castillo, y a su pa\u00eds m\u00e1s progreso y prosperidad.<\/p>\n<p style=\"text-align: justify;\">Por su parte, Castillo agradeci\u00f3 el Gobierno de la Rep\u00fablica \u00c1rabe Siria por atender la invitaci\u00f3n y participar en la ceremonia de transferencia de la autoridad suprema en su pa\u00eds.<\/p>\n<p style=\"text-align: justify;\">El presidente peruano expres\u00f3 a Bitar sus m\u00e1s sinceros saludos al presidente al-Assad y a los dirigentes de Siria y sus deseos de paz y progreso al pueblo sirio.<\/p>\n<p style=\"text-align: justify;\">Durante sus palabras de investidura, Castillo destac\u00f3 la importancia de la cooperaci\u00f3n entre los Estados y la soluci\u00f3n de conflictos a trav\u00e9s del di\u00e1logo y la v\u00eda pac\u00edfica.<\/p>\n<p style=\"text-align: justify;\">Llam\u00f3 a poner fin de la carrera armamentista y reemplazarla por la inversi\u00f3n en educaci\u00f3n por el bien y el progreso de los pueblos.<\/p>\n<p style=\"text-align: justify;\">Al margen de la ceremonia, el embajador Bitar se reuni\u00f3 con el canciller nicarag\u00fcense, Denis Moncada, quien expres\u00f3 su respeto y reconocimiento por el liderazgo y el pueblo de Siria.<\/p>\n<p style=\"text-align: justify;\">Asimismo, Bitar se reuni\u00f3 con el ex-presidente boliviano Evo Morales y el Director General de la Administraci\u00f3n Latinoam\u00e9rica y el Caribe de la Canciller\u00eda mexicana, Mart\u00edn Alonso Borrego, quienes expresaron su agradecimiento por el liderazgo y el pueblo de Siria.<\/p>\n<p style=\"text-align: justify;\">El presidente electo Castillo, nacido en 1969, es un sindicalista y pol\u00edtico que gan\u00f3 las recientes elecciones del Per\u00fa como candidato del partido de izquierda \u201cPer\u00fa Libre\u201d.<\/p>\n<p style=\"text-align: justify;\"><span style=\"color: #0000ff;\"><strong>fm\/ah<\/strong><\/span><\/p>\n","protected":false},"excerpt":{"rendered":"<p>Lima, SANA En nombre del presidente Bashar al-Assad y del Gobierno de la Rep\u00fablica \u00c1rabe Siria, el embajador sirio en la Rep\u00fablica Bolivariana de Venezuela, Khalil Bitar, felicit\u00f3 al nuevo presidente de Per\u00fa, Pedro Castillo, durante su acto de investidura. Durante su participaci\u00f3n en la recepci\u00f3n oficial organizada por la Presidencia de la Rep\u00fablica del &hellip;<\/p>\n","protected":false},"author":30,"featured_media":190934,"comment_status":"closed","ping_status":"closed","sticky":false,"template":"","format":"standard","meta":{"footnotes":""},"categories":[597,467,583],"tags":[19327],"class_list":["post-190933","post","type-post","status-publish","format-standard","has-post-thumbnail","","category-cinta-de-noticias","category-siria-y-el-mundo","category-slide","tag-presidente-al-assad-felicita-a-nuevo-presidente-de-peru"],"_links":{"self":[{"href":"https:\/\/archive.sana.sy\/es\/index.php?rest_route=\/wp\/v2\/posts\/190933"}],"collection":[{"href":"https:\/\/archive.sana.sy\/es\/index.php?rest_route=\/wp\/v2\/posts"}],"about":[{"href":"https:\/\/archive.sana.sy\/es\/index.php?rest_route=\/wp\/v2\/types\/post"}],"author":[{"embeddable":true,"href":"https:\/\/archive.sana.sy\/es\/index.php?rest_route=\/wp\/v2\/users\/30"}],"replies":[{"embeddable":true,"href":"https:\/\/archive.sana.sy\/es\/index.php?rest_route=%2Fwp%2Fv2%2Fcomments&post=190933"}],"version-history":[{"count":0,"href":"https:\/\/archive.sana.sy\/es\/index.php?rest_route=\/wp\/v2\/posts\/190933\/revisions"}],"wp:featuredmedia":[{"embeddable":true,"href":"https:\/\/archive.sana.sy\/es\/index.php?rest_route=\/wp\/v2\/media\/190934"}],"wp:attachment":[{"href":"https:\/\/archive.sana.sy\/es\/index.php?rest_route=%2Fwp%2Fv2%2Fmedia&parent=190933"}],"wp:term":[{"taxonomy":"category","embeddable":true,"href":"https:\/\/archive.sana.sy\/es\/index.php?rest_route=%2Fwp%2Fv2%2Fcategories&post=190933"},{"taxonomy":"post_tag","embeddable":true,"href":"https:\/\/archive.sana.sy\/es\/index.php?rest_route=%2Fwp%2Fv2%2Ftags&post=190933"}],"curies":[{"name":"wp","href":"https:\/\/api.w.org\/{rel}","templated":true}]}}