{"id":190969,"date":"2021-07-30T09:41:49","date_gmt":"2021-07-30T06:41:49","guid":{"rendered":"http:\/\/107.6.182.27\/es\/?p=190969"},"modified":"2021-07-30T20:16:48","modified_gmt":"2021-07-30T17:16:48","slug":"extinguido-incendio-que-se-extendio-de-territorio-libanes-hacia-el-campo-de-homs","status":"publish","type":"post","link":"https:\/\/archive.sana.sy\/es\/?p=190969","title":{"rendered":"Extinguido incendio que se extendi\u00f3 de territorio liban\u00e9s hacia el campo de Homs"},"content":{"rendered":"<p style=\"text-align: justify;\"><span style=\"color: #800000;\"><strong>Homs, SANA<\/strong><\/span><\/p>\n<p style=\"text-align: justify;\">Los equipos de bomberos de la provincia de Homs, respaldados por miembros del Ej\u00e9rcito \u00c1rabe Sirio, extinguieron completamente el incendio, que se propag\u00f3 en la v\u00edspera desde el territorio liban\u00e9s hacia las afueras de la aldea de Akum, en el municipio de Quseir al suroeste de Homs.<\/p>\n<p style=\"text-align: justify;\">El director de Defensa Civil, el general Saeed al-Awad, inform\u00f3 que el fuego se ha extinguido por completo y que las operaciones de enfriamiento est\u00e1n en marcha.<\/p>\n<p style=\"text-align: justify;\">Al-Awad indic\u00f3 que los veh\u00edculos est\u00e1n trabajando para establecer una l\u00ednea divisoria de incendios en la frontera sirio-libanesa.<\/p>\n<p style=\"text-align: justify;\">Se\u00f1al\u00f3 que los helic\u00f3pteros y soldados del Ej\u00e9rcito \u00c1rabe Sirio con el apoyo de otros equipos de bomberos participaron en la extinci\u00f3n del fuego.<\/p>\n<p style=\"text-align: justify;\"><span style=\"color: #0000ff;\"><strong>ah\/fm<\/strong><\/span><\/p>\n","protected":false},"excerpt":{"rendered":"<p>Homs, SANA Los equipos de bomberos de la provincia de Homs, respaldados por miembros del Ej\u00e9rcito \u00c1rabe Sirio, extinguieron completamente el incendio, que se propag\u00f3 en la v\u00edspera desde el territorio liban\u00e9s hacia las afueras de la aldea de Akum, en el municipio de Quseir al suroeste de Homs. El director de Defensa Civil, el &hellip;<\/p>\n","protected":false},"author":30,"featured_media":190970,"comment_status":"closed","ping_status":"closed","sticky":false,"template":"","format":"standard","meta":{"footnotes":""},"categories":[597,476],"tags":[19331],"class_list":["post-190969","post","type-post","status-publish","format-standard","has-post-thumbnail","","category-cinta-de-noticias","category-locales","tag-extinguido-incendio-que-se-extendio-de-territorio-libanes-hacia-el-campo-de-homs"],"_links":{"self":[{"href":"https:\/\/archive.sana.sy\/es\/index.php?rest_route=\/wp\/v2\/posts\/190969"}],"collection":[{"href":"https:\/\/archive.sana.sy\/es\/index.php?rest_route=\/wp\/v2\/posts"}],"about":[{"href":"https:\/\/archive.sana.sy\/es\/index.php?rest_route=\/wp\/v2\/types\/post"}],"author":[{"embeddable":true,"href":"https:\/\/archive.sana.sy\/es\/index.php?rest_route=\/wp\/v2\/users\/30"}],"replies":[{"embeddable":true,"href":"https:\/\/archive.sana.sy\/es\/index.php?rest_route=%2Fwp%2Fv2%2Fcomments&post=190969"}],"version-history":[{"count":0,"href":"https:\/\/archive.sana.sy\/es\/index.php?rest_route=\/wp\/v2\/posts\/190969\/revisions"}],"wp:featuredmedia":[{"embeddable":true,"href":"https:\/\/archive.sana.sy\/es\/index.php?rest_route=\/wp\/v2\/media\/190970"}],"wp:attachment":[{"href":"https:\/\/archive.sana.sy\/es\/index.php?rest_route=%2Fwp%2Fv2%2Fmedia&parent=190969"}],"wp:term":[{"taxonomy":"category","embeddable":true,"href":"https:\/\/archive.sana.sy\/es\/index.php?rest_route=%2Fwp%2Fv2%2Fcategories&post=190969"},{"taxonomy":"post_tag","embeddable":true,"href":"https:\/\/archive.sana.sy\/es\/index.php?rest_route=%2Fwp%2Fv2%2Ftags&post=190969"}],"curies":[{"name":"wp","href":"https:\/\/api.w.org\/{rel}","templated":true}]}}