{"id":190975,"date":"2021-07-30T15:34:29","date_gmt":"2021-07-30T12:34:29","guid":{"rendered":"http:\/\/107.6.182.27\/es\/?p=190975"},"modified":"2023-01-12T14:40:42","modified_gmt":"2023-01-12T12:40:42","slug":"decenas-de-heridos-palestinos-por-agresion-israeli-a-procesion-funebre-en-cisjordania","status":"publish","type":"post","link":"https:\/\/archive.sana.sy\/es\/?p=190975","title":{"rendered":"Decenas de heridos palestinos por agresiones israel\u00edes en Cisjordania"},"content":{"rendered":"<p style=\"text-align: justify;\"><span style=\"color: #800000;\"><strong>Jerusal\u00e9n ocupada, SANA<\/strong><\/span><\/p>\n<p style=\"text-align: justify;\">Decenas de palestinos resultaron heridos por disparos de las fuerzas de ocupaci\u00f3n israel\u00edes a un funeral en la ciudad de Beit Amr, al norte de Hebr\u00f3n en Cisjordania.<\/p>\n<p style=\"text-align: justify;\">La agencia palestina de noticias Wafa inform\u00f3 que las tropas sionistas dispararon balas y bombas de gas venenoso contra miles de palestinos que salieron en el funeral del joven Shawkat Awadh, lo cual provoc\u00f3 decenas de casos de asfixia.<\/p>\n<p style=\"text-align: justify;\">Aclar\u00f3 que el chico muri\u00f3 ayer tras recibir un disparo en la cabeza a manos de las fuerzas de ocupaci\u00f3n.<\/p>\n<p style=\"text-align: justify;\">De la misma manera, varios palestinos resultaron lesionados cuando soldados israel\u00edes reprimieron una manifestaci\u00f3n contra los asentamientos en la ciudad de Beita, al sur de Naplusa en Cisjordania.<\/p>\n<p style=\"text-align: justify;\"><span style=\"color: #0000ff;\"><strong>sm\/rsh<\/strong><\/span><\/p>\n","protected":false},"excerpt":{"rendered":"<p>Jerusal\u00e9n ocupada, SANA Decenas de palestinos resultaron heridos por disparos de las fuerzas de ocupaci\u00f3n israel\u00edes a un funeral en la ciudad de Beit Amr, al norte de Hebr\u00f3n en Cisjordania. La agencia palestina de noticias Wafa inform\u00f3 que las tropas sionistas dispararon balas y bombas de gas venenoso contra miles de palestinos que salieron &hellip;<\/p>\n","protected":false},"author":39,"featured_media":190976,"comment_status":"closed","ping_status":"closed","sticky":false,"template":"","format":"standard","meta":{"footnotes":""},"categories":[597,456],"tags":[],"class_list":["post-190975","post","type-post","status-publish","format-standard","has-post-thumbnail","","category-cinta-de-noticias","category-arabe-internacional-politica"],"_links":{"self":[{"href":"https:\/\/archive.sana.sy\/es\/index.php?rest_route=\/wp\/v2\/posts\/190975"}],"collection":[{"href":"https:\/\/archive.sana.sy\/es\/index.php?rest_route=\/wp\/v2\/posts"}],"about":[{"href":"https:\/\/archive.sana.sy\/es\/index.php?rest_route=\/wp\/v2\/types\/post"}],"author":[{"embeddable":true,"href":"https:\/\/archive.sana.sy\/es\/index.php?rest_route=\/wp\/v2\/users\/39"}],"replies":[{"embeddable":true,"href":"https:\/\/archive.sana.sy\/es\/index.php?rest_route=%2Fwp%2Fv2%2Fcomments&post=190975"}],"version-history":[{"count":0,"href":"https:\/\/archive.sana.sy\/es\/index.php?rest_route=\/wp\/v2\/posts\/190975\/revisions"}],"wp:featuredmedia":[{"embeddable":true,"href":"https:\/\/archive.sana.sy\/es\/index.php?rest_route=\/wp\/v2\/media\/190976"}],"wp:attachment":[{"href":"https:\/\/archive.sana.sy\/es\/index.php?rest_route=%2Fwp%2Fv2%2Fmedia&parent=190975"}],"wp:term":[{"taxonomy":"category","embeddable":true,"href":"https:\/\/archive.sana.sy\/es\/index.php?rest_route=%2Fwp%2Fv2%2Fcategories&post=190975"},{"taxonomy":"post_tag","embeddable":true,"href":"https:\/\/archive.sana.sy\/es\/index.php?rest_route=%2Fwp%2Fv2%2Ftags&post=190975"}],"curies":[{"name":"wp","href":"https:\/\/api.w.org\/{rel}","templated":true}]}}