{"id":191019,"date":"2021-07-30T15:34:20","date_gmt":"2021-07-30T12:34:20","guid":{"rendered":"http:\/\/107.6.182.27\/es\/?p=191019"},"modified":"2023-01-10T15:13:54","modified_gmt":"2023-01-10T13:13:54","slug":"notable-concurrencia-a-feria-made-in-siria-en-bagdad","status":"publish","type":"post","link":"https:\/\/archive.sana.sy\/es\/?p=191019","title":{"rendered":"Notable concurrencia a Feria \u201cMade in Siria\u201d en Bagdad"},"content":{"rendered":"<p><span style=\"color: #800000;\">Bagdad, SANA<\/span><\/p>\n<p style=\"text-align: justify;\">Creciente demanda a los productos sirios marc\u00f3 el quinto d\u00eda de la Feria \u201cMade in Syria\u201d celebrada en la capital iraqu\u00ed, Bagdad.<\/p>\n<p style=\"text-align: justify;\">Los comerciantes sirios e iraqu\u00edes afirmaron al reportero de SANA en Bagdad que la concurrencia popular iraqu\u00ed a la Feria muestra la buena calidad de los productos sirios.<\/p>\n<p style=\"text-align: justify;\">Alaa Al-Nouri, miembro de la C\u00e1mara de Comercio de Bagdad, comunic\u00f3 a SANA que en la feria se exhibe productos textiles, alimentarios, qu\u00edmicos y mec\u00e1nicosa, y cuenta con la participaci\u00f3n de 100 empresas y 170 comerciantes e industriales de Siria.<\/p>\n<p style=\"text-align: justify;\">El evento se inaugur\u00f3 el domingo pasado y es organizado por la Oficina Regional de la Federaci\u00f3n de Exportadores e Importadores en Siria y la Asociaci\u00f3n de Exportadores Sirios de Prendas de Vestir y Textiles, en cooperaci\u00f3n con la Federaci\u00f3n de C\u00e1maras de Industria y Comercio de Siria.<\/p>\n<p><span style=\"color: #0000ff;\">rr\/fm<\/span><\/p>\n","protected":false},"excerpt":{"rendered":"<p>Bagdad, SANA Creciente demanda a los productos sirios marc\u00f3 el quinto d\u00eda de la Feria \u201cMade in Syria\u201d celebrada en la capital iraqu\u00ed, Bagdad. Los comerciantes sirios e iraqu\u00edes afirmaron al reportero de SANA en Bagdad que la concurrencia popular iraqu\u00ed a la Feria muestra la buena calidad de los productos sirios. Alaa Al-Nouri, miembro &hellip;<\/p>\n","protected":false},"author":31,"featured_media":191020,"comment_status":"closed","ping_status":"closed","sticky":false,"template":"","format":"standard","meta":{"footnotes":""},"categories":[597,16686,485,467,7541],"tags":[],"class_list":["post-191019","post","type-post","status-publish","format-standard","has-post-thumbnail","","category-cinta-de-noticias","category-economia","category-informes-negocios-y-finanzas","category-siria-y-el-mundo","category-ultimas-noticias"],"_links":{"self":[{"href":"https:\/\/archive.sana.sy\/es\/index.php?rest_route=\/wp\/v2\/posts\/191019"}],"collection":[{"href":"https:\/\/archive.sana.sy\/es\/index.php?rest_route=\/wp\/v2\/posts"}],"about":[{"href":"https:\/\/archive.sana.sy\/es\/index.php?rest_route=\/wp\/v2\/types\/post"}],"author":[{"embeddable":true,"href":"https:\/\/archive.sana.sy\/es\/index.php?rest_route=\/wp\/v2\/users\/31"}],"replies":[{"embeddable":true,"href":"https:\/\/archive.sana.sy\/es\/index.php?rest_route=%2Fwp%2Fv2%2Fcomments&post=191019"}],"version-history":[{"count":0,"href":"https:\/\/archive.sana.sy\/es\/index.php?rest_route=\/wp\/v2\/posts\/191019\/revisions"}],"wp:featuredmedia":[{"embeddable":true,"href":"https:\/\/archive.sana.sy\/es\/index.php?rest_route=\/wp\/v2\/media\/191020"}],"wp:attachment":[{"href":"https:\/\/archive.sana.sy\/es\/index.php?rest_route=%2Fwp%2Fv2%2Fmedia&parent=191019"}],"wp:term":[{"taxonomy":"category","embeddable":true,"href":"https:\/\/archive.sana.sy\/es\/index.php?rest_route=%2Fwp%2Fv2%2Fcategories&post=191019"},{"taxonomy":"post_tag","embeddable":true,"href":"https:\/\/archive.sana.sy\/es\/index.php?rest_route=%2Fwp%2Fv2%2Ftags&post=191019"}],"curies":[{"name":"wp","href":"https:\/\/api.w.org\/{rel}","templated":true}]}}