{"id":191036,"date":"2021-07-31T09:04:37","date_gmt":"2021-07-31T06:04:37","guid":{"rendered":"http:\/\/107.6.182.27\/es\/?p=191036"},"modified":"2021-07-31T09:04:37","modified_gmt":"2021-07-31T06:04:37","slug":"defensa-ruso-reporta-32-ataques-terroristas-desde-zona-de-distension-de-idlib","status":"publish","type":"post","link":"https:\/\/archive.sana.sy\/es\/?p=191036","title":{"rendered":"Defensa ruso reporta 32 ataques terroristas desde zona de distensi\u00f3n de Idlib"},"content":{"rendered":"<p style=\"text-align: justify;\"><strong><span style=\"color: #800000;\">Mosc\u00fa, SANA<\/span><\/strong><\/p>\n<p style=\"text-align: justify;\">El Ministerio de Defensa ruso declar\u00f3 en un comunicado, que los ataques terroristas perpetrados por integrantes del Frente al Nousra contin\u00faan y en las \u00faltimas horas perpetraron 32 bombardeos desde la zona de distensi\u00f3n de Idlib en el norte de Siria.<\/p>\n<p style=\"text-align: justify;\">&#8220;19 de los ataques se realizaron en el propio Idlib, seis contra la provincia de Latakia, cuatro contra Alepo y tres contra la provincia de Hama&#8221;, seg\u00fan el subdirector del Centro de Coordinaci\u00f3n Ruso en la base rusa de Hemeimim, el coronel naval Vadim Kolet.<\/p>\n<p style=\"text-align: justify;\">El Ministerio de Defensa ruso declar\u00f3 el 25 del mes en curso que las agrupaciones terroristas encabezadas por el autoproclamado \u201cFrente al-Nousra\u201d lanzaron semejantes ataques contra varias regiones en las provincias de Latakia , Alepo , Idlib y Hama .<\/p>\n<p style=\"text-align: justify;\"><span style=\"color: #0000ff;\"><strong>ws\/fm<\/strong><\/span><\/p>\n","protected":false},"excerpt":{"rendered":"<p>Mosc\u00fa, SANA El Ministerio de Defensa ruso declar\u00f3 en un comunicado, que los ataques terroristas perpetrados por integrantes del Frente al Nousra contin\u00faan y en las \u00faltimas horas perpetraron 32 bombardeos desde la zona de distensi\u00f3n de Idlib en el norte de Siria. &#8220;19 de los ataques se realizaron en el propio Idlib, seis contra &hellip;<\/p>\n","protected":false},"author":35,"featured_media":191037,"comment_status":"closed","ping_status":"closed","sticky":false,"template":"","format":"standard","meta":{"footnotes":""},"categories":[597,467,7541],"tags":[],"class_list":["post-191036","post","type-post","status-publish","format-standard","has-post-thumbnail","","category-cinta-de-noticias","category-siria-y-el-mundo","category-ultimas-noticias"],"_links":{"self":[{"href":"https:\/\/archive.sana.sy\/es\/index.php?rest_route=\/wp\/v2\/posts\/191036"}],"collection":[{"href":"https:\/\/archive.sana.sy\/es\/index.php?rest_route=\/wp\/v2\/posts"}],"about":[{"href":"https:\/\/archive.sana.sy\/es\/index.php?rest_route=\/wp\/v2\/types\/post"}],"author":[{"embeddable":true,"href":"https:\/\/archive.sana.sy\/es\/index.php?rest_route=\/wp\/v2\/users\/35"}],"replies":[{"embeddable":true,"href":"https:\/\/archive.sana.sy\/es\/index.php?rest_route=%2Fwp%2Fv2%2Fcomments&post=191036"}],"version-history":[{"count":0,"href":"https:\/\/archive.sana.sy\/es\/index.php?rest_route=\/wp\/v2\/posts\/191036\/revisions"}],"wp:featuredmedia":[{"embeddable":true,"href":"https:\/\/archive.sana.sy\/es\/index.php?rest_route=\/wp\/v2\/media\/191037"}],"wp:attachment":[{"href":"https:\/\/archive.sana.sy\/es\/index.php?rest_route=%2Fwp%2Fv2%2Fmedia&parent=191036"}],"wp:term":[{"taxonomy":"category","embeddable":true,"href":"https:\/\/archive.sana.sy\/es\/index.php?rest_route=%2Fwp%2Fv2%2Fcategories&post=191036"},{"taxonomy":"post_tag","embeddable":true,"href":"https:\/\/archive.sana.sy\/es\/index.php?rest_route=%2Fwp%2Fv2%2Ftags&post=191036"}],"curies":[{"name":"wp","href":"https:\/\/api.w.org\/{rel}","templated":true}]}}