{"id":191089,"date":"2021-07-31T15:59:11","date_gmt":"2021-07-31T12:59:11","guid":{"rendered":"http:\/\/107.6.182.27\/es\/?p=191089"},"modified":"2021-07-31T15:59:11","modified_gmt":"2021-07-31T12:59:11","slug":"comenzo-en-provincia-de-sweida-la-11a-edicion-del-festival-para-personas-con-discapacidad-fisica-fotos","status":"publish","type":"post","link":"https:\/\/archive.sana.sy\/es\/?p=191089","title":{"rendered":"Comenz\u00f3 en provincia de Sweida la 11\u00aa edici\u00f3n del festival para personas con discapacidad f\u00edsica (+fotos)"},"content":{"rendered":"<p style=\"text-align: justify;\"><span style=\"color: #800000;\"><strong>Sweida, SANA<\/strong><\/span><\/p>\n<p style=\"text-align: justify;\">Arranca hoy en la provincia de Sweida el und\u00e9cimo festival para personas con minusval\u00edas, organizado por la sucursal de la Asociaci\u00f3n Siria para Discapacitados F\u00edsicos, en cooperaci\u00f3n con el Ayuntamiento provincial, el cual durar\u00e1 12 d\u00edas.<\/p>\n<p style=\"text-align: justify;\">El festival, cuyo lema es la integraci\u00f3n de las personas minusv\u00e1lidas en la sociedad, incluye varias actividades educativas, art\u00edsticas, deportivas, sociales, culturales y m\u00e9dicas.<\/p>\n<p style=\"text-align: justify;\"><span style=\"color: #0000ff;\"><strong>sm\/rsh<\/strong><\/span><\/p>\n<div id='gallery-1' class='gallery galleryid-191089 gallery-columns-1 gallery-size-full'><figure class='gallery-item'>\n\t\t\t<div class='gallery-icon landscape'>\n\t\t\t\t<a href='https:\/\/archive.sana.sy\/es\/?attachment_id=191104'><img loading=\"lazy\" decoding=\"async\" width=\"2481\" height=\"1669\" src=\"https:\/\/archive.sana.sy\/es\/wp-content\/uploads\/2021\/07\/DSC_0073-1.jpg\" class=\"attachment-full size-full\" alt=\"\" srcset=\"https:\/\/archive.sana.sy\/es\/wp-content\/uploads\/2021\/07\/DSC_0073-1.jpg 2481w, https:\/\/archive.sana.sy\/es\/wp-content\/uploads\/2021\/07\/DSC_0073-1-300x202.jpg 300w, https:\/\/archive.sana.sy\/es\/wp-content\/uploads\/2021\/07\/DSC_0073-1-1024x689.jpg 1024w, https:\/\/archive.sana.sy\/es\/wp-content\/uploads\/2021\/07\/DSC_0073-1-150x101.jpg 150w, https:\/\/archive.sana.sy\/es\/wp-content\/uploads\/2021\/07\/DSC_0073-1-768x517.jpg 768w, https:\/\/archive.sana.sy\/es\/wp-content\/uploads\/2021\/07\/DSC_0073-1-1536x1033.jpg 1536w, https:\/\/archive.sana.sy\/es\/wp-content\/uploads\/2021\/07\/DSC_0073-1-2048x1378.jpg 2048w, https:\/\/archive.sana.sy\/es\/wp-content\/uploads\/2021\/07\/DSC_0073-1-110x75.jpg 110w\" sizes=\"(max-width: 2481px) 100vw, 2481px\" \/><\/a>\n\t\t\t<\/div><\/figure><figure class='gallery-item'>\n\t\t\t<div class='gallery-icon landscape'>\n\t\t\t\t<a href='https:\/\/archive.sana.sy\/es\/?attachment_id=191108'><img loading=\"lazy\" decoding=\"async\" width=\"2481\" height=\"1414\" src=\"https:\/\/archive.sana.sy\/es\/wp-content\/uploads\/2021\/07\/DSC_0132-1.jpg\" class=\"attachment-full size-full\" alt=\"\" srcset=\"https:\/\/archive.sana.sy\/es\/wp-content\/uploads\/2021\/07\/DSC_0132-1.jpg 2481w, https:\/\/archive.sana.sy\/es\/wp-content\/uploads\/2021\/07\/DSC_0132-1-300x171.jpg 300w, https:\/\/archive.sana.sy\/es\/wp-content\/uploads\/2021\/07\/DSC_0132-1-1024x584.jpg 1024w, https:\/\/archive.sana.sy\/es\/wp-content\/uploads\/2021\/07\/DSC_0132-1-150x85.jpg 150w, https:\/\/archive.sana.sy\/es\/wp-content\/uploads\/2021\/07\/DSC_0132-1-768x438.jpg 768w, https:\/\/archive.sana.sy\/es\/wp-content\/uploads\/2021\/07\/DSC_0132-1-1536x875.jpg 1536w, https:\/\/archive.sana.sy\/es\/wp-content\/uploads\/2021\/07\/DSC_0132-1-2048x1167.jpg 2048w\" sizes=\"(max-width: 2481px) 100vw, 2481px\" \/><\/a>\n\t\t\t<\/div><\/figure><figure class='gallery-item'>\n\t\t\t<div class='gallery-icon landscape'>\n\t\t\t\t<a href='https:\/\/archive.sana.sy\/es\/?attachment_id=191105'><img loading=\"lazy\" decoding=\"async\" width=\"2481\" height=\"1533\" src=\"https:\/\/archive.sana.sy\/es\/wp-content\/uploads\/2021\/07\/DSC_0104-2.jpg\" class=\"attachment-full size-full\" alt=\"\" srcset=\"https:\/\/archive.sana.sy\/es\/wp-content\/uploads\/2021\/07\/DSC_0104-2.jpg 2481w, https:\/\/archive.sana.sy\/es\/wp-content\/uploads\/2021\/07\/DSC_0104-2-300x185.jpg 300w, https:\/\/archive.sana.sy\/es\/wp-content\/uploads\/2021\/07\/DSC_0104-2-1024x633.jpg 1024w, https:\/\/archive.sana.sy\/es\/wp-content\/uploads\/2021\/07\/DSC_0104-2-150x93.jpg 150w, https:\/\/archive.sana.sy\/es\/wp-content\/uploads\/2021\/07\/DSC_0104-2-768x475.jpg 768w, https:\/\/archive.sana.sy\/es\/wp-content\/uploads\/2021\/07\/DSC_0104-2-1536x949.jpg 1536w, https:\/\/archive.sana.sy\/es\/wp-content\/uploads\/2021\/07\/DSC_0104-2-2048x1265.jpg 2048w\" sizes=\"(max-width: 2481px) 100vw, 2481px\" \/><\/a>\n\t\t\t<\/div><\/figure><figure class='gallery-item'>\n\t\t\t<div class='gallery-icon landscape'>\n\t\t\t\t<a href='https:\/\/archive.sana.sy\/es\/?attachment_id=191106'><img loading=\"lazy\" decoding=\"async\" width=\"2481\" height=\"1838\" src=\"https:\/\/archive.sana.sy\/es\/wp-content\/uploads\/2021\/07\/DSC_0107-2.jpg\" class=\"attachment-full size-full\" alt=\"\" srcset=\"https:\/\/archive.sana.sy\/es\/wp-content\/uploads\/2021\/07\/DSC_0107-2.jpg 2481w, https:\/\/archive.sana.sy\/es\/wp-content\/uploads\/2021\/07\/DSC_0107-2-300x222.jpg 300w, https:\/\/archive.sana.sy\/es\/wp-content\/uploads\/2021\/07\/DSC_0107-2-1024x759.jpg 1024w, https:\/\/archive.sana.sy\/es\/wp-content\/uploads\/2021\/07\/DSC_0107-2-150x111.jpg 150w, https:\/\/archive.sana.sy\/es\/wp-content\/uploads\/2021\/07\/DSC_0107-2-768x569.jpg 768w, https:\/\/archive.sana.sy\/es\/wp-content\/uploads\/2021\/07\/DSC_0107-2-1536x1138.jpg 1536w, https:\/\/archive.sana.sy\/es\/wp-content\/uploads\/2021\/07\/DSC_0107-2-2048x1517.jpg 2048w\" sizes=\"(max-width: 2481px) 100vw, 2481px\" \/><\/a>\n\t\t\t<\/div><\/figure><figure class='gallery-item'>\n\t\t\t<div class='gallery-icon landscape'>\n\t\t\t\t<a href='https:\/\/archive.sana.sy\/es\/?attachment_id=191107'><img loading=\"lazy\" decoding=\"async\" width=\"2481\" height=\"1431\" src=\"https:\/\/archive.sana.sy\/es\/wp-content\/uploads\/2021\/07\/DSC_0121-2.jpg\" class=\"attachment-full size-full\" alt=\"\" srcset=\"https:\/\/archive.sana.sy\/es\/wp-content\/uploads\/2021\/07\/DSC_0121-2.jpg 2481w, https:\/\/archive.sana.sy\/es\/wp-content\/uploads\/2021\/07\/DSC_0121-2-300x173.jpg 300w, https:\/\/archive.sana.sy\/es\/wp-content\/uploads\/2021\/07\/DSC_0121-2-1024x591.jpg 1024w, https:\/\/archive.sana.sy\/es\/wp-content\/uploads\/2021\/07\/DSC_0121-2-150x87.jpg 150w, https:\/\/archive.sana.sy\/es\/wp-content\/uploads\/2021\/07\/DSC_0121-2-768x443.jpg 768w, https:\/\/archive.sana.sy\/es\/wp-content\/uploads\/2021\/07\/DSC_0121-2-1536x886.jpg 1536w, https:\/\/archive.sana.sy\/es\/wp-content\/uploads\/2021\/07\/DSC_0121-2-2048x1181.jpg 2048w\" sizes=\"(max-width: 2481px) 100vw, 2481px\" \/><\/a>\n\t\t\t<\/div><\/figure><figure class='gallery-item'>\n\t\t\t<div class='gallery-icon landscape'>\n\t\t\t\t<a href='https:\/\/archive.sana.sy\/es\/?attachment_id=191109'><img loading=\"lazy\" decoding=\"async\" width=\"2481\" height=\"1616\" src=\"https:\/\/archive.sana.sy\/es\/wp-content\/uploads\/2021\/07\/DSC_0208-1.jpg\" class=\"attachment-full size-full\" alt=\"\" srcset=\"https:\/\/archive.sana.sy\/es\/wp-content\/uploads\/2021\/07\/DSC_0208-1.jpg 2481w, https:\/\/archive.sana.sy\/es\/wp-content\/uploads\/2021\/07\/DSC_0208-1-300x195.jpg 300w, https:\/\/archive.sana.sy\/es\/wp-content\/uploads\/2021\/07\/DSC_0208-1-1024x667.jpg 1024w, https:\/\/archive.sana.sy\/es\/wp-content\/uploads\/2021\/07\/DSC_0208-1-150x98.jpg 150w, https:\/\/archive.sana.sy\/es\/wp-content\/uploads\/2021\/07\/DSC_0208-1-768x500.jpg 768w, https:\/\/archive.sana.sy\/es\/wp-content\/uploads\/2021\/07\/DSC_0208-1-1536x1000.jpg 1536w, https:\/\/archive.sana.sy\/es\/wp-content\/uploads\/2021\/07\/DSC_0208-1-2048x1334.jpg 2048w\" sizes=\"(max-width: 2481px) 100vw, 2481px\" \/><\/a>\n\t\t\t<\/div><\/figure><figure class='gallery-item'>\n\t\t\t<div class='gallery-icon landscape'>\n\t\t\t\t<a href='https:\/\/archive.sana.sy\/es\/?attachment_id=191110'><img loading=\"lazy\" decoding=\"async\" width=\"2481\" height=\"1473\" src=\"https:\/\/archive.sana.sy\/es\/wp-content\/uploads\/2021\/07\/DSC_0212-1.jpg\" class=\"attachment-full size-full\" alt=\"\" srcset=\"https:\/\/archive.sana.sy\/es\/wp-content\/uploads\/2021\/07\/DSC_0212-1.jpg 2481w, https:\/\/archive.sana.sy\/es\/wp-content\/uploads\/2021\/07\/DSC_0212-1-300x178.jpg 300w, https:\/\/archive.sana.sy\/es\/wp-content\/uploads\/2021\/07\/DSC_0212-1-1024x608.jpg 1024w, https:\/\/archive.sana.sy\/es\/wp-content\/uploads\/2021\/07\/DSC_0212-1-150x89.jpg 150w, https:\/\/archive.sana.sy\/es\/wp-content\/uploads\/2021\/07\/DSC_0212-1-768x456.jpg 768w, https:\/\/archive.sana.sy\/es\/wp-content\/uploads\/2021\/07\/DSC_0212-1-1536x912.jpg 1536w, https:\/\/archive.sana.sy\/es\/wp-content\/uploads\/2021\/07\/DSC_0212-1-2048x1216.jpg 2048w\" sizes=\"(max-width: 2481px) 100vw, 2481px\" \/><\/a>\n\t\t\t<\/div><\/figure><figure class='gallery-item'>\n\t\t\t<div class='gallery-icon landscape'>\n\t\t\t\t<a href='https:\/\/archive.sana.sy\/es\/?attachment_id=191111'><img loading=\"lazy\" decoding=\"async\" width=\"2481\" height=\"1492\" src=\"https:\/\/archive.sana.sy\/es\/wp-content\/uploads\/2021\/07\/DSC_0217-1.jpg\" class=\"attachment-full size-full\" alt=\"\" srcset=\"https:\/\/archive.sana.sy\/es\/wp-content\/uploads\/2021\/07\/DSC_0217-1.jpg 2481w, https:\/\/archive.sana.sy\/es\/wp-content\/uploads\/2021\/07\/DSC_0217-1-300x180.jpg 300w, https:\/\/archive.sana.sy\/es\/wp-content\/uploads\/2021\/07\/DSC_0217-1-1024x616.jpg 1024w, https:\/\/archive.sana.sy\/es\/wp-content\/uploads\/2021\/07\/DSC_0217-1-150x90.jpg 150w, https:\/\/archive.sana.sy\/es\/wp-content\/uploads\/2021\/07\/DSC_0217-1-768x462.jpg 768w, https:\/\/archive.sana.sy\/es\/wp-content\/uploads\/2021\/07\/DSC_0217-1-1536x924.jpg 1536w, https:\/\/archive.sana.sy\/es\/wp-content\/uploads\/2021\/07\/DSC_0217-1-2048x1232.jpg 2048w\" sizes=\"(max-width: 2481px) 100vw, 2481px\" \/><\/a>\n\t\t\t<\/div><\/figure>\n\t\t<\/div>\n\n","protected":false},"excerpt":{"rendered":"<p>Sweida, SANA Arranca hoy en la provincia de Sweida el und\u00e9cimo festival para personas con minusval\u00edas, organizado por la sucursal de la Asociaci\u00f3n Siria para Discapacitados F\u00edsicos, en cooperaci\u00f3n con el Ayuntamiento provincial, el cual durar\u00e1 12 d\u00edas. El festival, cuyo lema es la integraci\u00f3n de las personas minusv\u00e1lidas en la sociedad, incluye varias actividades &hellip;<\/p>\n","protected":false},"author":39,"featured_media":191090,"comment_status":"closed","ping_status":"closed","sticky":false,"template":"","format":"standard","meta":{"footnotes":""},"categories":[447,477,597,476,7541],"tags":[],"class_list":["post-191089","post","type-post","status-publish","format-standard","has-post-thumbnail","","category-local-politica","category-noticias-edulcorantes","category-cinta-de-noticias","category-locales","category-ultimas-noticias"],"_links":{"self":[{"href":"https:\/\/archive.sana.sy\/es\/index.php?rest_route=\/wp\/v2\/posts\/191089"}],"collection":[{"href":"https:\/\/archive.sana.sy\/es\/index.php?rest_route=\/wp\/v2\/posts"}],"about":[{"href":"https:\/\/archive.sana.sy\/es\/index.php?rest_route=\/wp\/v2\/types\/post"}],"author":[{"embeddable":true,"href":"https:\/\/archive.sana.sy\/es\/index.php?rest_route=\/wp\/v2\/users\/39"}],"replies":[{"embeddable":true,"href":"https:\/\/archive.sana.sy\/es\/index.php?rest_route=%2Fwp%2Fv2%2Fcomments&post=191089"}],"version-history":[{"count":0,"href":"https:\/\/archive.sana.sy\/es\/index.php?rest_route=\/wp\/v2\/posts\/191089\/revisions"}],"wp:featuredmedia":[{"embeddable":true,"href":"https:\/\/archive.sana.sy\/es\/index.php?rest_route=\/wp\/v2\/media\/191090"}],"wp:attachment":[{"href":"https:\/\/archive.sana.sy\/es\/index.php?rest_route=%2Fwp%2Fv2%2Fmedia&parent=191089"}],"wp:term":[{"taxonomy":"category","embeddable":true,"href":"https:\/\/archive.sana.sy\/es\/index.php?rest_route=%2Fwp%2Fv2%2Fcategories&post=191089"},{"taxonomy":"post_tag","embeddable":true,"href":"https:\/\/archive.sana.sy\/es\/index.php?rest_route=%2Fwp%2Fv2%2Ftags&post=191089"}],"curies":[{"name":"wp","href":"https:\/\/api.w.org\/{rel}","templated":true}]}}