{"id":191113,"date":"2021-07-31T16:18:33","date_gmt":"2021-07-31T13:18:33","guid":{"rendered":"http:\/\/107.6.182.27\/es\/?p=191113"},"modified":"2023-01-12T14:40:42","modified_gmt":"2023-01-12T12:40:42","slug":"matan-a-cabecilla-de-daesh-y-arrestan-a-cinco-elementos-en-iraq","status":"publish","type":"post","link":"https:\/\/archive.sana.sy\/es\/?p=191113","title":{"rendered":"Matan a cabecilla de Daesh y arrestan a cinco elementos en Iraq"},"content":{"rendered":"<p style=\"text-align: justify;\"><span style=\"color: #800000;\"><strong>Bagdad, SANA<\/strong><\/span><\/p>\n<p style=\"text-align: justify;\">Las fuerzas iraqu\u00edes eliminaron a un l\u00edder de la organizaci\u00f3n terrorista &#8220;Daesh&#8221; en una localidad en la gobernaci\u00f3n de Diyala, al noreste de Bagdad.<\/p>\n<p style=\"text-align: justify;\">La agencia iraqu\u00ed de noticias INA cit\u00f3 al portavoz del ej\u00e9rcito iraqu\u00ed, el mayor general Yahya Rasoul, quien dijo en una declaraci\u00f3n que las fuerzas antiterroristas pudieron matar al apodado Abu Saad Al-Samin, una cabecilla de la organizaci\u00f3n (Daesh) cerca del lago Tillal Hamrin, y se\u00f1al\u00f3 que este sujerto era el responsable de preparar trampas explosivas y equipar a suicidas.<\/p>\n<p style=\"text-align: justify;\">En el mismo contexto, las tropas iraqu\u00edes arrestaron a cinco elementos al norte de Bagdad.<\/p>\n<p style=\"text-align: justify;\"><span style=\"color: #0000ff;\"><strong>sm\/rsh<\/strong><\/span><\/p>\n","protected":false},"excerpt":{"rendered":"<p>Bagdad, SANA Las fuerzas iraqu\u00edes eliminaron a un l\u00edder de la organizaci\u00f3n terrorista &#8220;Daesh&#8221; en una localidad en la gobernaci\u00f3n de Diyala, al noreste de Bagdad. La agencia iraqu\u00ed de noticias INA cit\u00f3 al portavoz del ej\u00e9rcito iraqu\u00ed, el mayor general Yahya Rasoul, quien dijo en una declaraci\u00f3n que las fuerzas antiterroristas pudieron matar al &hellip;<\/p>\n","protected":false},"author":39,"featured_media":191114,"comment_status":"closed","ping_status":"closed","sticky":false,"template":"","format":"standard","meta":{"footnotes":""},"categories":[597,456,7541],"tags":[],"class_list":["post-191113","post","type-post","status-publish","format-standard","has-post-thumbnail","","category-cinta-de-noticias","category-arabe-internacional-politica","category-ultimas-noticias"],"_links":{"self":[{"href":"https:\/\/archive.sana.sy\/es\/index.php?rest_route=\/wp\/v2\/posts\/191113"}],"collection":[{"href":"https:\/\/archive.sana.sy\/es\/index.php?rest_route=\/wp\/v2\/posts"}],"about":[{"href":"https:\/\/archive.sana.sy\/es\/index.php?rest_route=\/wp\/v2\/types\/post"}],"author":[{"embeddable":true,"href":"https:\/\/archive.sana.sy\/es\/index.php?rest_route=\/wp\/v2\/users\/39"}],"replies":[{"embeddable":true,"href":"https:\/\/archive.sana.sy\/es\/index.php?rest_route=%2Fwp%2Fv2%2Fcomments&post=191113"}],"version-history":[{"count":0,"href":"https:\/\/archive.sana.sy\/es\/index.php?rest_route=\/wp\/v2\/posts\/191113\/revisions"}],"wp:featuredmedia":[{"embeddable":true,"href":"https:\/\/archive.sana.sy\/es\/index.php?rest_route=\/wp\/v2\/media\/191114"}],"wp:attachment":[{"href":"https:\/\/archive.sana.sy\/es\/index.php?rest_route=%2Fwp%2Fv2%2Fmedia&parent=191113"}],"wp:term":[{"taxonomy":"category","embeddable":true,"href":"https:\/\/archive.sana.sy\/es\/index.php?rest_route=%2Fwp%2Fv2%2Fcategories&post=191113"},{"taxonomy":"post_tag","embeddable":true,"href":"https:\/\/archive.sana.sy\/es\/index.php?rest_route=%2Fwp%2Fv2%2Ftags&post=191113"}],"curies":[{"name":"wp","href":"https:\/\/api.w.org\/{rel}","templated":true}]}}