{"id":191124,"date":"2021-07-31T17:22:14","date_gmt":"2021-07-31T14:22:14","guid":{"rendered":"http:\/\/107.6.182.27\/es\/?p=191124"},"modified":"2023-01-10T15:13:53","modified_gmt":"2023-01-10T13:13:53","slug":"ponen-en-funcion-un-pozo-de-gas-en-rif-dimashq","status":"publish","type":"post","link":"https:\/\/archive.sana.sy\/es\/?p=191124","title":{"rendered":"Ponen en funci\u00f3n un pozo de gas en Rif-Dimashq"},"content":{"rendered":"<p style=\"text-align: justify;\"><span style=\"color: #800000;\"><strong>Rif Dimashq, SANA<\/strong><\/span><\/p>\n<p style=\"text-align: justify;\">El Ministerio de Petr\u00f3leo y Recursos Minerales puso en servicio el pozo de gas Deir Atiyah 5 situado en el norte de Damasco.<\/p>\n<p style=\"text-align: justify;\">El Ministerio dijo en una declaraci\u00f3n que el pozo se puso en funcionamiento tras la finalizaci\u00f3n de su perforaci\u00f3n, con una profundidad final de 3.678 m.<\/p>\n<p style=\"text-align: justify;\">Indic\u00f3 que el pozo ya est\u00e1 conectado con la estaci\u00f3n de bombeo y se est\u00e1 evaluando su producci\u00f3n.<\/p>\n<p style=\"text-align: justify;\"><span style=\"color: #0000ff;\"><strong>sm\/rsh<\/strong><\/span><\/p>\n","protected":false},"excerpt":{"rendered":"<p>Rif Dimashq, SANA El Ministerio de Petr\u00f3leo y Recursos Minerales puso en servicio el pozo de gas Deir Atiyah 5 situado en el norte de Damasco. El Ministerio dijo en una declaraci\u00f3n que el pozo se puso en funcionamiento tras la finalizaci\u00f3n de su perforaci\u00f3n, con una profundidad final de 3.678 m. Indic\u00f3 que el &hellip;<\/p>\n","protected":false},"author":39,"featured_media":191125,"comment_status":"closed","ping_status":"closed","sticky":false,"template":"","format":"standard","meta":{"footnotes":""},"categories":[447,477,597,485,573,476,7541],"tags":[],"class_list":["post-191124","post","type-post","status-publish","format-standard","has-post-thumbnail","","category-local-politica","category-noticias-edulcorantes","category-cinta-de-noticias","category-informes-negocios-y-finanzas","category-la-realidad-de-los-acontecimientos-en-siria","category-locales","category-ultimas-noticias"],"_links":{"self":[{"href":"https:\/\/archive.sana.sy\/es\/index.php?rest_route=\/wp\/v2\/posts\/191124"}],"collection":[{"href":"https:\/\/archive.sana.sy\/es\/index.php?rest_route=\/wp\/v2\/posts"}],"about":[{"href":"https:\/\/archive.sana.sy\/es\/index.php?rest_route=\/wp\/v2\/types\/post"}],"author":[{"embeddable":true,"href":"https:\/\/archive.sana.sy\/es\/index.php?rest_route=\/wp\/v2\/users\/39"}],"replies":[{"embeddable":true,"href":"https:\/\/archive.sana.sy\/es\/index.php?rest_route=%2Fwp%2Fv2%2Fcomments&post=191124"}],"version-history":[{"count":0,"href":"https:\/\/archive.sana.sy\/es\/index.php?rest_route=\/wp\/v2\/posts\/191124\/revisions"}],"wp:featuredmedia":[{"embeddable":true,"href":"https:\/\/archive.sana.sy\/es\/index.php?rest_route=\/wp\/v2\/media\/191125"}],"wp:attachment":[{"href":"https:\/\/archive.sana.sy\/es\/index.php?rest_route=%2Fwp%2Fv2%2Fmedia&parent=191124"}],"wp:term":[{"taxonomy":"category","embeddable":true,"href":"https:\/\/archive.sana.sy\/es\/index.php?rest_route=%2Fwp%2Fv2%2Fcategories&post=191124"},{"taxonomy":"post_tag","embeddable":true,"href":"https:\/\/archive.sana.sy\/es\/index.php?rest_route=%2Fwp%2Fv2%2Ftags&post=191124"}],"curies":[{"name":"wp","href":"https:\/\/api.w.org\/{rel}","templated":true}]}}