{"id":19116,"date":"2015-03-08T21:12:34","date_gmt":"2015-03-08T19:12:34","guid":{"rendered":"http:\/\/www.sana.sy\/es\/?p=19116"},"modified":"2015-03-09T14:17:41","modified_gmt":"2015-03-09T12:17:41","slug":"presidente-al-assad-se-reune-con-el-vicecanciller-de-la-republica-democratica-de-corea","status":"publish","type":"post","link":"https:\/\/archive.sana.sy\/es\/?p=19116","title":{"rendered":"Presidente al-Assad se re\u00fane con el Vicecanciller de la Rep\u00fablica Democr\u00e1tica de Corea"},"content":{"rendered":"<p><span style=\"color: #800000\">Damasco, SANA<\/span><\/p>\n<p>El presidente Bashar al-Assad recibi\u00f3\u00a0este domingo al vicecanciller norcoreano, Sin Hong Chol.<\/p>\n<p>Durante la reuni\u00f3n el presidente al-Assad se\u00f1al\u00f3 que Siria y la Rep\u00fablica Democr\u00e1tica de Corea se ven blanco de la misma arremetida, ya que son de los pocos pa\u00edses que gozan de una independencia real, y porque est\u00e1n luchando en la misma trinchera contra un enemigo com\u00fan que pretende cambiar la identidad nacional de sus pueblos.<\/p>\n<p><img loading=\"lazy\" decoding=\"async\" class=\"aligncenter size-medium wp-image-19135\" src=\"http:\/\/www.sana.sy\/es\/wp-content\/uploads\/2015\/03\/presidente-al-Assad-delegaci\u00f3n-norcoreana-300x156.jpg\" alt=\"presidente al-Assad delegaci\u00f3n norcoreana\" width=\"300\" height=\"156\" srcset=\"https:\/\/archive.sana.sy\/es\/wp-content\/uploads\/2015\/03\/presidente-al-Assad-delegaci\u00f3n-norcoreana-300x156.jpg 300w, https:\/\/archive.sana.sy\/es\/wp-content\/uploads\/2015\/03\/presidente-al-Assad-delegaci\u00f3n-norcoreana-150x78.jpg 150w, https:\/\/archive.sana.sy\/es\/wp-content\/uploads\/2015\/03\/presidente-al-Assad-delegaci\u00f3n-norcoreana-1024x532.jpg 1024w\" sizes=\"(max-width: 300px) 100vw, 300px\" \/><\/p>\n<p>Asimismo, el presidente al-Assad consider\u00f3 que todo lo que hab\u00eda hecho Siria anteriormente\u00a0por la Rep\u00fablica Democr\u00e1tica de Corea , y lo que \u00e9sta brinda hoy a Siria se parte de los principios morales de ambos pa\u00edses basados en la dignidad nacional y la fidelidad a los amigos.<\/p>\n<p>A su vez, Chol afirm\u00f3 que el desarrollo de las relaciones con Siria es una de las constantes principistas de la pol\u00edtica de su pa\u00eds, recalcando que la Rep\u00fablica Democr\u00e1tica de Corea no escatimar\u00e1 esfuerzo para ayudar al pueblo sirio en defender la soberan\u00eda y la independencia de su pa\u00eds, as\u00ed como apoyar\u00e1 su lucha justa contra el terrorismo.<\/p>\n<p>Es de se\u00f1alar que el presidente al-Assad se hab\u00eda reunido en el pasado mes de junio con el canciller norcoreano Ri\u00a0Su-Yong.<\/p>\n<p>&nbsp;<\/p>\n<p>Lynn A., Riyad Sh.<\/p>\n","protected":false},"excerpt":{"rendered":"<p>Damasco, SANA El presidente Bashar al-Assad recibi\u00f3\u00a0este domingo al vicecanciller norcoreano, Sin Hong Chol. Durante la reuni\u00f3n el presidente al-Assad se\u00f1al\u00f3 que Siria y la Rep\u00fablica Democr\u00e1tica de Corea se ven blanco de la misma arremetida, ya que son de los pocos pa\u00edses que gozan de una independencia real, y porque est\u00e1n luchando en la &hellip;<\/p>\n","protected":false},"author":24,"featured_media":19118,"comment_status":"closed","ping_status":"closed","sticky":false,"template":"","format":"standard","meta":{"footnotes":""},"categories":[477,597,476,626],"tags":[4339],"class_list":["post-19116","post","type-post","status-publish","format-standard","has-post-thumbnail","","category-noticias-edulcorantes","category-cinta-de-noticias","category-locales","category-sr-presidente","tag-presidente-al-assad-se-reune-con-el-vicecanciller-de-la-republica-democratica-de-corea"],"_links":{"self":[{"href":"https:\/\/archive.sana.sy\/es\/index.php?rest_route=\/wp\/v2\/posts\/19116"}],"collection":[{"href":"https:\/\/archive.sana.sy\/es\/index.php?rest_route=\/wp\/v2\/posts"}],"about":[{"href":"https:\/\/archive.sana.sy\/es\/index.php?rest_route=\/wp\/v2\/types\/post"}],"author":[{"embeddable":true,"href":"https:\/\/archive.sana.sy\/es\/index.php?rest_route=\/wp\/v2\/users\/24"}],"replies":[{"embeddable":true,"href":"https:\/\/archive.sana.sy\/es\/index.php?rest_route=%2Fwp%2Fv2%2Fcomments&post=19116"}],"version-history":[{"count":0,"href":"https:\/\/archive.sana.sy\/es\/index.php?rest_route=\/wp\/v2\/posts\/19116\/revisions"}],"wp:featuredmedia":[{"embeddable":true,"href":"https:\/\/archive.sana.sy\/es\/index.php?rest_route=\/wp\/v2\/media\/19118"}],"wp:attachment":[{"href":"https:\/\/archive.sana.sy\/es\/index.php?rest_route=%2Fwp%2Fv2%2Fmedia&parent=19116"}],"wp:term":[{"taxonomy":"category","embeddable":true,"href":"https:\/\/archive.sana.sy\/es\/index.php?rest_route=%2Fwp%2Fv2%2Fcategories&post=19116"},{"taxonomy":"post_tag","embeddable":true,"href":"https:\/\/archive.sana.sy\/es\/index.php?rest_route=%2Fwp%2Fv2%2Ftags&post=19116"}],"curies":[{"name":"wp","href":"https:\/\/api.w.org\/{rel}","templated":true}]}}