{"id":191357,"date":"2021-08-02T15:06:52","date_gmt":"2021-08-02T12:06:52","guid":{"rendered":"http:\/\/107.6.182.27\/es\/?p=191357"},"modified":"2021-08-02T15:09:19","modified_gmt":"2021-08-02T12:09:19","slug":"milicianos-de-fds-resultan-heridos-por-ataque-contra-su-cuartel-en-abu-hamam-deir-ezzor","status":"publish","type":"post","link":"https:\/\/archive.sana.sy\/es\/?p=191357","title":{"rendered":"Milicianos de FDS resultan heridos por ataque contra su cuartel en Abu Hamam, Deir Ezzor"},"content":{"rendered":"<p style=\"text-align: justify;\">\u00a0<span style=\"color: #800000;\"><strong>Deir Ezzor, SANA<\/strong><\/span><\/p>\n<p style=\"text-align: justify;\">Varios integrantes de la milicia pro estadounidense FDS resultaron heridos por ataque contra su cuartel general en la localidad de Abu Hamam, en el este de la provincia de Deir Ezzor.<\/p>\n<p style=\"text-align: justify;\">Activistas locales informaron al corresponsal de SANA que facciones populares llevaron a cabo un ataque con artefacto explosivo y ametralladoras contra un cuartel general de la milicia FDS cerca de la estaci\u00f3n de agua en Abu Hamam.<\/p>\n<p style=\"text-align: justify;\">El ataque dej\u00f3 varios hombres armados heridos y caus\u00f3 grandes da\u00f1os en sus posiciones, agregaron.<\/p>\n<p style=\"text-align: justify;\"><span style=\"color: #0000ff;\"><strong>ed\/fm<\/strong><\/span><\/p>\n","protected":false},"excerpt":{"rendered":"<p>\u00a0Deir Ezzor, SANA Varios integrantes de la milicia pro estadounidense FDS resultaron heridos por ataque contra su cuartel general en la localidad de Abu Hamam, en el este de la provincia de Deir Ezzor. Activistas locales informaron al corresponsal de SANA que facciones populares llevaron a cabo un ataque con artefacto explosivo y ametralladoras contra &hellip;<\/p>\n","protected":false},"author":32,"featured_media":191358,"comment_status":"closed","ping_status":"closed","sticky":false,"template":"","format":"standard","meta":{"footnotes":""},"categories":[477,597,476,7541],"tags":[],"class_list":["post-191357","post","type-post","status-publish","format-standard","has-post-thumbnail","","category-noticias-edulcorantes","category-cinta-de-noticias","category-locales","category-ultimas-noticias"],"_links":{"self":[{"href":"https:\/\/archive.sana.sy\/es\/index.php?rest_route=\/wp\/v2\/posts\/191357"}],"collection":[{"href":"https:\/\/archive.sana.sy\/es\/index.php?rest_route=\/wp\/v2\/posts"}],"about":[{"href":"https:\/\/archive.sana.sy\/es\/index.php?rest_route=\/wp\/v2\/types\/post"}],"author":[{"embeddable":true,"href":"https:\/\/archive.sana.sy\/es\/index.php?rest_route=\/wp\/v2\/users\/32"}],"replies":[{"embeddable":true,"href":"https:\/\/archive.sana.sy\/es\/index.php?rest_route=%2Fwp%2Fv2%2Fcomments&post=191357"}],"version-history":[{"count":0,"href":"https:\/\/archive.sana.sy\/es\/index.php?rest_route=\/wp\/v2\/posts\/191357\/revisions"}],"wp:featuredmedia":[{"embeddable":true,"href":"https:\/\/archive.sana.sy\/es\/index.php?rest_route=\/wp\/v2\/media\/191358"}],"wp:attachment":[{"href":"https:\/\/archive.sana.sy\/es\/index.php?rest_route=%2Fwp%2Fv2%2Fmedia&parent=191357"}],"wp:term":[{"taxonomy":"category","embeddable":true,"href":"https:\/\/archive.sana.sy\/es\/index.php?rest_route=%2Fwp%2Fv2%2Fcategories&post=191357"},{"taxonomy":"post_tag","embeddable":true,"href":"https:\/\/archive.sana.sy\/es\/index.php?rest_route=%2Fwp%2Fv2%2Ftags&post=191357"}],"curies":[{"name":"wp","href":"https:\/\/api.w.org\/{rel}","templated":true}]}}