{"id":191365,"date":"2021-08-02T17:53:50","date_gmt":"2021-08-02T14:53:50","guid":{"rendered":"http:\/\/107.6.182.27\/es\/?p=191365"},"modified":"2021-08-02T17:53:50","modified_gmt":"2021-08-02T14:53:50","slug":"ley-sobre-derechos-del-nino-tomo-en-cuenta-fenomenos-surgidos-durante-la-guerra","status":"publish","type":"post","link":"https:\/\/archive.sana.sy\/es\/?p=191365","title":{"rendered":"Ley sobre Derechos del Ni\u00f1o tom\u00f3 en cuenta fen\u00f3menos surgidos durante la guerra"},"content":{"rendered":"<p style=\"text-align: justify;\"><span style=\"color: #800000;\"><strong>Damasco, SANA<\/strong><\/span><\/p>\n<p style=\"text-align: justify;\">El proyecto de Ley sobre Derechos del Ni\u00f1o aprobada por la Asamblea Popular el 15 de julio pasado, responde de manera efectiva al Plan Estatal de Protecci\u00f3n a la Ni\u00f1ez aprobado en el a\u00f1o 2005, seg\u00fan afirm\u00f3 el jefe de la Comisi\u00f3n Siria de Asuntos de la Familia y la Poblaci\u00f3n, Akram Al-Qash.<\/p>\n<p style=\"text-align: justify;\">Indic\u00f3, en una declaraci\u00f3n a SANA, que la referida ley contribuye al fortalecimiento del sistema legislativo en el campo de protecci\u00f3n infantil en Siria, y es de suma importancia porque abarca a todas las personas menores de 18 a\u00f1os, lo cual significar\u00eda casi la mitad de la poblaci\u00f3n siria.<\/p>\n<p style=\"text-align: justify;\">El directivo explic\u00f3 que el proyecto concuerda con la Convenci\u00f3n Internacional sobre Derechos del Ni\u00f1o, que Siria fue uno de los primeros signatarios del mismo en 1993.<\/p>\n<p style=\"text-align: justify;\">\u201cLa redacci\u00f3n de la mencionada ley comenz\u00f3 en 2005 y se detuvo debido a la guerra terrorista impuesta a Siria, y se tom\u00f3 en cuenta la peculiaridad de la sociedad siria y que el inter\u00e9s del ni\u00f1o est\u00e1 con su familia\u201d, precis\u00f3 Al-Qash.<\/p>\n<p style=\"text-align: justify;\">Aclar\u00f3 que durante la guerra, aparecieron una serie de asuntos y fen\u00f3menos que tiene que ver con el tema de la atenci\u00f3n y protecci\u00f3n infantil, y la nueva ley tom\u00f3 esto en cuenta.<\/p>\n<p style=\"text-align: justify;\">Detall\u00f3 que la ley incluye disposiciones relativas al derecho familiar del ni\u00f1o, los ni\u00f1os minusv\u00e1lidos, el empleo de menores, la educaci\u00f3n, la cultura, la libertad de expresi\u00f3n y la afiliaci\u00f3n a asociaciones pertinentes.<\/p>\n<p style=\"text-align: justify;\"><span style=\"color: #0000ff;\"><strong>sm\/fm<\/strong><\/span><\/p>\n","protected":false},"excerpt":{"rendered":"<p>Damasco, SANA El proyecto de Ley sobre Derechos del Ni\u00f1o aprobada por la Asamblea Popular el 15 de julio pasado, responde de manera efectiva al Plan Estatal de Protecci\u00f3n a la Ni\u00f1ez aprobado en el a\u00f1o 2005, seg\u00fan afirm\u00f3 el jefe de la Comisi\u00f3n Siria de Asuntos de la Familia y la Poblaci\u00f3n, Akram Al-Qash. &hellip;<\/p>\n","protected":false},"author":39,"featured_media":191367,"comment_status":"closed","ping_status":"closed","sticky":false,"template":"","format":"standard","meta":{"footnotes":""},"categories":[477,597,476,7541],"tags":[],"class_list":["post-191365","post","type-post","status-publish","format-standard","has-post-thumbnail","","category-noticias-edulcorantes","category-cinta-de-noticias","category-locales","category-ultimas-noticias"],"_links":{"self":[{"href":"https:\/\/archive.sana.sy\/es\/index.php?rest_route=\/wp\/v2\/posts\/191365"}],"collection":[{"href":"https:\/\/archive.sana.sy\/es\/index.php?rest_route=\/wp\/v2\/posts"}],"about":[{"href":"https:\/\/archive.sana.sy\/es\/index.php?rest_route=\/wp\/v2\/types\/post"}],"author":[{"embeddable":true,"href":"https:\/\/archive.sana.sy\/es\/index.php?rest_route=\/wp\/v2\/users\/39"}],"replies":[{"embeddable":true,"href":"https:\/\/archive.sana.sy\/es\/index.php?rest_route=%2Fwp%2Fv2%2Fcomments&post=191365"}],"version-history":[{"count":0,"href":"https:\/\/archive.sana.sy\/es\/index.php?rest_route=\/wp\/v2\/posts\/191365\/revisions"}],"wp:featuredmedia":[{"embeddable":true,"href":"https:\/\/archive.sana.sy\/es\/index.php?rest_route=\/wp\/v2\/media\/191367"}],"wp:attachment":[{"href":"https:\/\/archive.sana.sy\/es\/index.php?rest_route=%2Fwp%2Fv2%2Fmedia&parent=191365"}],"wp:term":[{"taxonomy":"category","embeddable":true,"href":"https:\/\/archive.sana.sy\/es\/index.php?rest_route=%2Fwp%2Fv2%2Fcategories&post=191365"},{"taxonomy":"post_tag","embeddable":true,"href":"https:\/\/archive.sana.sy\/es\/index.php?rest_route=%2Fwp%2Fv2%2Ftags&post=191365"}],"curies":[{"name":"wp","href":"https:\/\/api.w.org\/{rel}","templated":true}]}}