{"id":19137,"date":"2015-03-08T16:40:51","date_gmt":"2015-03-08T14:40:51","guid":{"rendered":"http:\/\/www.sana.sy\/es\/?p=19137"},"modified":"2015-03-08T16:40:51","modified_gmt":"2015-03-08T14:40:51","slug":"partidos-y-organizaciones-tunecinos-exigen-la-restitucion-de-las-relaciones-con-siria","status":"publish","type":"post","link":"https:\/\/archive.sana.sy\/es\/?p=19137","title":{"rendered":"Partidos y organizaciones tunecinos exigen la restituci\u00f3n de las relaciones con Siria"},"content":{"rendered":"<p>T\u00fanez, SANA<\/p>\n<p>Partidos pol\u00edticos, organizaciones y entidades civiles tunecinos exigieron este domingo al presidente tunecino Beyi Caid Essebsi, que reanude las relaciones diplom\u00e1ticas con Siria.<\/p>\n<p>En una petici\u00f3n dirigida a Essebsi, los partidos se\u00f1alaron que la decisi\u00f3n de romper relaciones con Siria no tom\u00f3 en cuenta los intereses del Estado tunecino, al contrario ha perjudicado su seguridad nacional y servido los intereses de agendas extranjeras, acotando que la reanudaci\u00f3n de las relaciones con Siria se ha convertido hoy en d\u00eda en una demanda popular y un asunto apremiante.<\/p>\n<p>Los protagonistas de esta petici\u00f3n dirigieron un llamamiento al presidente tunecino para rectificar los errores del gobierno anterior hacia Siria, y adoptar el proyecto de la reintegraci\u00f3n de la misma en la Liga \u00c1rabe y la Organizaci\u00f3n de la Cooperaci\u00f3n Isl\u00e1mica, as\u00ed como coordinar con ella para evitar los peligros del terrorismo que acecha a T\u00fanez.<\/p>\n<p>En otro contexto, las unidades de seguridad tunecina arrestaron ayer a un joven en la ciudad de Qairu\u00e1n por tener estrechos v\u00ednculos con un grupo acusado de reclutar a terroristas para combatir en Siria.<\/p>\n<p>Cabe destacar que informes period\u00edsticos hab\u00edan revelado que alrededor de 3000 tunecinos se juntaron a las organizaciones terroristas en Siria, 500 de los cuales volvieron ya, seg\u00fan el Ministerio del Interior tunecino.<\/p>\n<p>Lynn A., Riyad Sh.<\/p>\n","protected":false},"excerpt":{"rendered":"<p>T\u00fanez, SANA Partidos pol\u00edticos, organizaciones y entidades civiles tunecinos exigieron este domingo al presidente tunecino Beyi Caid Essebsi, que reanude las relaciones diplom\u00e1ticas con Siria. En una petici\u00f3n dirigida a Essebsi, los partidos se\u00f1alaron que la decisi\u00f3n de romper relaciones con Siria no tom\u00f3 en cuenta los intereses del Estado tunecino, al contrario ha perjudicado &hellip;<\/p>\n","protected":false},"author":24,"featured_media":19138,"comment_status":"closed","ping_status":"closed","sticky":false,"template":"","format":"standard","meta":{"footnotes":""},"categories":[456,457,576],"tags":[4344],"class_list":["post-19137","post","type-post","status-publish","format-standard","has-post-thumbnail","","category-arabe-internacional-politica","category-noticias-arabe-internacional-politica","category-noticias-politicas","tag-partidos-y-organizaciones-tunecinos-exigen-la-restitucion-de-las-relaciones-con-siria"],"_links":{"self":[{"href":"https:\/\/archive.sana.sy\/es\/index.php?rest_route=\/wp\/v2\/posts\/19137"}],"collection":[{"href":"https:\/\/archive.sana.sy\/es\/index.php?rest_route=\/wp\/v2\/posts"}],"about":[{"href":"https:\/\/archive.sana.sy\/es\/index.php?rest_route=\/wp\/v2\/types\/post"}],"author":[{"embeddable":true,"href":"https:\/\/archive.sana.sy\/es\/index.php?rest_route=\/wp\/v2\/users\/24"}],"replies":[{"embeddable":true,"href":"https:\/\/archive.sana.sy\/es\/index.php?rest_route=%2Fwp%2Fv2%2Fcomments&post=19137"}],"version-history":[{"count":0,"href":"https:\/\/archive.sana.sy\/es\/index.php?rest_route=\/wp\/v2\/posts\/19137\/revisions"}],"wp:featuredmedia":[{"embeddable":true,"href":"https:\/\/archive.sana.sy\/es\/index.php?rest_route=\/wp\/v2\/media\/19138"}],"wp:attachment":[{"href":"https:\/\/archive.sana.sy\/es\/index.php?rest_route=%2Fwp%2Fv2%2Fmedia&parent=19137"}],"wp:term":[{"taxonomy":"category","embeddable":true,"href":"https:\/\/archive.sana.sy\/es\/index.php?rest_route=%2Fwp%2Fv2%2Fcategories&post=19137"},{"taxonomy":"post_tag","embeddable":true,"href":"https:\/\/archive.sana.sy\/es\/index.php?rest_route=%2Fwp%2Fv2%2Ftags&post=19137"}],"curies":[{"name":"wp","href":"https:\/\/api.w.org\/{rel}","templated":true}]}}