{"id":191460,"date":"2021-08-04T06:56:37","date_gmt":"2021-08-04T03:56:37","guid":{"rendered":"http:\/\/107.6.182.27\/es\/?p=191460"},"modified":"2023-01-10T14:27:11","modified_gmt":"2023-01-10T12:27:11","slug":"boletin-informativo-del-ministerio-de-salud-sobre-situacion-epidemiologica-relativa-a-la-covid-19","status":"publish","type":"post","link":"https:\/\/archive.sana.sy\/es\/?p=191460","title":{"rendered":"Bolet\u00edn informativo del Ministerio de Salud sobre situaci\u00f3n epidemiol\u00f3gica relativa a la Covid-19"},"content":{"rendered":"<p style=\"text-align: justify;\"><span style=\"color: #800000;\"><strong>Damasco, SANA<\/strong><\/span><\/p>\n<p style=\"text-align: justify;\">El Ministerio de Salud confirm\u00f3 21 nuevos casos de infecciones por la Covid-19 en las \u00faltimas 24 horas.<\/p>\n<p style=\"text-align: justify;\">De acuerdo al bolet\u00edn informativo diario del Ministerio sobre la situaci\u00f3n epidemiol\u00f3gica relativa al nuevo Coronavirus, fueron reportados nueve recuperaciones y una sola muerte por esta enfermedad.<\/p>\n<p style=\"text-align: justify;\">El total de contagios a nivel nacional ascendi\u00f3 a 26 mil 26 casos de los cuales 22 mil 11 se recuperaron y mil 918 fallecieron.<\/p>\n<p style=\"text-align: justify;\"><span style=\"color: #0000ff;\"><strong>fm<\/strong><\/span><\/p>\n","protected":false},"excerpt":{"rendered":"<p>Damasco, SANA El Ministerio de Salud confirm\u00f3 21 nuevos casos de infecciones por la Covid-19 en las \u00faltimas 24 horas. De acuerdo al bolet\u00edn informativo diario del Ministerio sobre la situaci\u00f3n epidemiol\u00f3gica relativa al nuevo Coronavirus, fueron reportados nueve recuperaciones y una sola muerte por esta enfermedad. El total de contagios a nivel nacional ascendi\u00f3 &hellip;<\/p>\n","protected":false},"author":34,"featured_media":191461,"comment_status":"closed","ping_status":"closed","sticky":false,"template":"","format":"standard","meta":{"footnotes":""},"categories":[447,597,476,457,7541],"tags":[],"class_list":["post-191460","post","type-post","status-publish","format-standard","has-post-thumbnail","","category-local-politica","category-cinta-de-noticias","category-locales","category-noticias-arabe-internacional-politica","category-ultimas-noticias"],"_links":{"self":[{"href":"https:\/\/archive.sana.sy\/es\/index.php?rest_route=\/wp\/v2\/posts\/191460"}],"collection":[{"href":"https:\/\/archive.sana.sy\/es\/index.php?rest_route=\/wp\/v2\/posts"}],"about":[{"href":"https:\/\/archive.sana.sy\/es\/index.php?rest_route=\/wp\/v2\/types\/post"}],"author":[{"embeddable":true,"href":"https:\/\/archive.sana.sy\/es\/index.php?rest_route=\/wp\/v2\/users\/34"}],"replies":[{"embeddable":true,"href":"https:\/\/archive.sana.sy\/es\/index.php?rest_route=%2Fwp%2Fv2%2Fcomments&post=191460"}],"version-history":[{"count":0,"href":"https:\/\/archive.sana.sy\/es\/index.php?rest_route=\/wp\/v2\/posts\/191460\/revisions"}],"wp:featuredmedia":[{"embeddable":true,"href":"https:\/\/archive.sana.sy\/es\/index.php?rest_route=\/wp\/v2\/media\/191461"}],"wp:attachment":[{"href":"https:\/\/archive.sana.sy\/es\/index.php?rest_route=%2Fwp%2Fv2%2Fmedia&parent=191460"}],"wp:term":[{"taxonomy":"category","embeddable":true,"href":"https:\/\/archive.sana.sy\/es\/index.php?rest_route=%2Fwp%2Fv2%2Fcategories&post=191460"},{"taxonomy":"post_tag","embeddable":true,"href":"https:\/\/archive.sana.sy\/es\/index.php?rest_route=%2Fwp%2Fv2%2Ftags&post=191460"}],"curies":[{"name":"wp","href":"https:\/\/api.w.org\/{rel}","templated":true}]}}