{"id":191470,"date":"2021-08-04T09:03:22","date_gmt":"2021-08-04T06:03:22","guid":{"rendered":"http:\/\/107.6.182.27\/es\/?p=191470"},"modified":"2023-01-10T14:27:10","modified_gmt":"2023-01-10T12:27:10","slug":"explosion-en-autobus-de-transporte-de-militares-en-las-afueras-de-damasco","status":"publish","type":"post","link":"https:\/\/archive.sana.sy\/es\/?p=191470","title":{"rendered":"Un m\u00e1rtir y tres heridos por explosi\u00f3n en autob\u00fas de transporte de militares en las afueras de Damasco"},"content":{"rendered":"<p style=\"text-align: justify;\"><span style=\"color: #800000;\"><strong>Damasco, SANA<\/strong><\/span><\/p>\n<p style=\"text-align: justify;\">Una explosi\u00f3n ocurri\u00f3 esta ma\u00f1ana en un autob\u00fas de transporte militar en la entrada del suburbio Masaken Al-Haras, en las afueras de Damasco.<\/p>\n<p style=\"text-align: justify;\">Seg\u00fan afirmaron fuentes citadas por el corresponsal de SANA, la explosi\u00f3n se debi\u00f3 a un cortocircuito que provoc\u00f3 la explosi\u00f3n del tanque de combustible en el autob\u00fas y su encendido.<\/p>\n<p style=\"text-align: justify;\">Detallaron que el incidente caus\u00f3 un m\u00e1rtir (el conductor del veh\u00edculo) y tres heridos que fueron trasladadas al hospital.<\/p>\n<p style=\"text-align: justify;\"><strong><span style=\"color: #0000ff;\">fm\/ed<\/span><\/strong><\/p>\n<div id='gallery-1' class='gallery galleryid-191470 gallery-columns-1 gallery-size-full'><figure class='gallery-item'>\n\t\t\t<div class='gallery-icon landscape'>\n\t\t\t\t<a href='https:\/\/archive.sana.sy\/es\/wp-content\/uploads\/2021\/08\/ar13.jpg'><img loading=\"lazy\" decoding=\"async\" width=\"1280\" height=\"765\" src=\"https:\/\/archive.sana.sy\/es\/wp-content\/uploads\/2021\/08\/ar13.jpg\" class=\"attachment-full size-full\" alt=\"\" srcset=\"https:\/\/archive.sana.sy\/es\/wp-content\/uploads\/2021\/08\/ar13.jpg 1280w, https:\/\/archive.sana.sy\/es\/wp-content\/uploads\/2021\/08\/ar13-300x179.jpg 300w, https:\/\/archive.sana.sy\/es\/wp-content\/uploads\/2021\/08\/ar13-1024x612.jpg 1024w, https:\/\/archive.sana.sy\/es\/wp-content\/uploads\/2021\/08\/ar13-150x90.jpg 150w, https:\/\/archive.sana.sy\/es\/wp-content\/uploads\/2021\/08\/ar13-768x459.jpg 768w\" sizes=\"(max-width: 1280px) 100vw, 1280px\" \/><\/a>\n\t\t\t<\/div><\/figure><figure class='gallery-item'>\n\t\t\t<div class='gallery-icon landscape'>\n\t\t\t\t<a href='https:\/\/archive.sana.sy\/es\/wp-content\/uploads\/2021\/08\/ar12.jpg'><img loading=\"lazy\" decoding=\"async\" width=\"1280\" height=\"719\" src=\"https:\/\/archive.sana.sy\/es\/wp-content\/uploads\/2021\/08\/ar12.jpg\" class=\"attachment-full size-full\" alt=\"\" srcset=\"https:\/\/archive.sana.sy\/es\/wp-content\/uploads\/2021\/08\/ar12.jpg 1280w, https:\/\/archive.sana.sy\/es\/wp-content\/uploads\/2021\/08\/ar12-300x169.jpg 300w, https:\/\/archive.sana.sy\/es\/wp-content\/uploads\/2021\/08\/ar12-1024x575.jpg 1024w, https:\/\/archive.sana.sy\/es\/wp-content\/uploads\/2021\/08\/ar12-150x84.jpg 150w, https:\/\/archive.sana.sy\/es\/wp-content\/uploads\/2021\/08\/ar12-768x431.jpg 768w\" sizes=\"(max-width: 1280px) 100vw, 1280px\" \/><\/a>\n\t\t\t<\/div><\/figure><figure class='gallery-item'>\n\t\t\t<div class='gallery-icon landscape'>\n\t\t\t\t<a href='https:\/\/archive.sana.sy\/es\/wp-content\/uploads\/2021\/08\/ttttttttttttmmmmmmmmm-660x330-2.jpg'><img loading=\"lazy\" decoding=\"async\" width=\"660\" height=\"330\" src=\"https:\/\/archive.sana.sy\/es\/wp-content\/uploads\/2021\/08\/ttttttttttttmmmmmmmmm-660x330-2.jpg\" class=\"attachment-full size-full\" alt=\"\" srcset=\"https:\/\/archive.sana.sy\/es\/wp-content\/uploads\/2021\/08\/ttttttttttttmmmmmmmmm-660x330-2.jpg 660w, https:\/\/archive.sana.sy\/es\/wp-content\/uploads\/2021\/08\/ttttttttttttmmmmmmmmm-660x330-2-300x150.jpg 300w, https:\/\/archive.sana.sy\/es\/wp-content\/uploads\/2021\/08\/ttttttttttttmmmmmmmmm-660x330-2-150x75.jpg 150w\" sizes=\"(max-width: 660px) 100vw, 660px\" \/><\/a>\n\t\t\t<\/div><\/figure>\n\t\t<\/div>\n\n","protected":false},"excerpt":{"rendered":"<p>Damasco, SANA Una explosi\u00f3n ocurri\u00f3 esta ma\u00f1ana en un autob\u00fas de transporte militar en la entrada del suburbio Masaken Al-Haras, en las afueras de Damasco. Seg\u00fan afirmaron fuentes citadas por el corresponsal de SANA, la explosi\u00f3n se debi\u00f3 a un cortocircuito que provoc\u00f3 la explosi\u00f3n del tanque de combustible en el autob\u00fas y su encendido. &hellip;<\/p>\n","protected":false},"author":32,"featured_media":191476,"comment_status":"closed","ping_status":"closed","sticky":false,"template":"","format":"standard","meta":{"footnotes":""},"categories":[477,447,597,476,571,7541],"tags":[],"class_list":["post-191470","post","type-post","status-publish","format-standard","has-post-thumbnail","","category-noticias-edulcorantes","category-local-politica","category-cinta-de-noticias","category-locales","category-siria-en-fotos","category-ultimas-noticias"],"_links":{"self":[{"href":"https:\/\/archive.sana.sy\/es\/index.php?rest_route=\/wp\/v2\/posts\/191470"}],"collection":[{"href":"https:\/\/archive.sana.sy\/es\/index.php?rest_route=\/wp\/v2\/posts"}],"about":[{"href":"https:\/\/archive.sana.sy\/es\/index.php?rest_route=\/wp\/v2\/types\/post"}],"author":[{"embeddable":true,"href":"https:\/\/archive.sana.sy\/es\/index.php?rest_route=\/wp\/v2\/users\/32"}],"replies":[{"embeddable":true,"href":"https:\/\/archive.sana.sy\/es\/index.php?rest_route=%2Fwp%2Fv2%2Fcomments&post=191470"}],"version-history":[{"count":0,"href":"https:\/\/archive.sana.sy\/es\/index.php?rest_route=\/wp\/v2\/posts\/191470\/revisions"}],"wp:featuredmedia":[{"embeddable":true,"href":"https:\/\/archive.sana.sy\/es\/index.php?rest_route=\/wp\/v2\/media\/191476"}],"wp:attachment":[{"href":"https:\/\/archive.sana.sy\/es\/index.php?rest_route=%2Fwp%2Fv2%2Fmedia&parent=191470"}],"wp:term":[{"taxonomy":"category","embeddable":true,"href":"https:\/\/archive.sana.sy\/es\/index.php?rest_route=%2Fwp%2Fv2%2Fcategories&post=191470"},{"taxonomy":"post_tag","embeddable":true,"href":"https:\/\/archive.sana.sy\/es\/index.php?rest_route=%2Fwp%2Fv2%2Ftags&post=191470"}],"curies":[{"name":"wp","href":"https:\/\/api.w.org\/{rel}","templated":true}]}}