{"id":191473,"date":"2021-08-04T09:22:16","date_gmt":"2021-08-04T06:22:16","guid":{"rendered":"http:\/\/107.6.182.27\/es\/?p=191473"},"modified":"2021-08-04T10:32:50","modified_gmt":"2021-08-04T07:32:50","slug":"informacion-de-ultima-hora-el-corresponsal-de-sana-confirma-que-la-explosion-ocurrida-esta-manana-en-un-autobus-de-transporte-de-militares-se-debio-a-un-cortocircuito-que-provoco-la-explosion-del-tan","status":"publish","type":"post","link":"https:\/\/archive.sana.sy\/es\/?p=191473","title":{"rendered":"Informaci\u00f3n de \u00faltima hora: el corresponsal de SANA confirma que la explosi\u00f3n ocurrida esta ma\u00f1ana en un autob\u00fas de transporte de militares se debi\u00f3 a un cortocircuito que provoc\u00f3 la explosi\u00f3n del tanque de combustible en el autob\u00fas y su encendido. El incidente caus\u00f3 un m\u00e1rtir (el conductor del veh\u00edculo) y tres heridos que fueron trasladadas al hospital."},"content":{"rendered":"","protected":false},"excerpt":{"rendered":"","protected":false},"author":32,"featured_media":0,"comment_status":"closed","ping_status":"closed","sticky":false,"template":"","format":"standard","meta":{"footnotes":""},"categories":[1],"tags":[],"class_list":["post-191473","post","type-post","status-publish","format-standard","","category-news-not-sorted"],"_links":{"self":[{"href":"https:\/\/archive.sana.sy\/es\/index.php?rest_route=\/wp\/v2\/posts\/191473"}],"collection":[{"href":"https:\/\/archive.sana.sy\/es\/index.php?rest_route=\/wp\/v2\/posts"}],"about":[{"href":"https:\/\/archive.sana.sy\/es\/index.php?rest_route=\/wp\/v2\/types\/post"}],"author":[{"embeddable":true,"href":"https:\/\/archive.sana.sy\/es\/index.php?rest_route=\/wp\/v2\/users\/32"}],"replies":[{"embeddable":true,"href":"https:\/\/archive.sana.sy\/es\/index.php?rest_route=%2Fwp%2Fv2%2Fcomments&post=191473"}],"version-history":[{"count":0,"href":"https:\/\/archive.sana.sy\/es\/index.php?rest_route=\/wp\/v2\/posts\/191473\/revisions"}],"wp:attachment":[{"href":"https:\/\/archive.sana.sy\/es\/index.php?rest_route=%2Fwp%2Fv2%2Fmedia&parent=191473"}],"wp:term":[{"taxonomy":"category","embeddable":true,"href":"https:\/\/archive.sana.sy\/es\/index.php?rest_route=%2Fwp%2Fv2%2Fcategories&post=191473"},{"taxonomy":"post_tag","embeddable":true,"href":"https:\/\/archive.sana.sy\/es\/index.php?rest_route=%2Fwp%2Fv2%2Ftags&post=191473"}],"curies":[{"name":"wp","href":"https:\/\/api.w.org\/{rel}","templated":true}]}}