{"id":191486,"date":"2021-08-04T23:00:34","date_gmt":"2021-08-04T20:00:34","guid":{"rendered":"http:\/\/107.6.182.27\/es\/?p=191486"},"modified":"2021-08-05T08:55:21","modified_gmt":"2021-08-05T05:55:21","slug":"relaciones-entre-siria-e-iran-son-profundas-y-estrategicas-ratifican-sabbagh-y-rezaei","status":"publish","type":"post","link":"https:\/\/archive.sana.sy\/es\/?p=191486","title":{"rendered":"Relaciones entre Siria e Ir\u00e1n son profundas y estrat\u00e9gicas, ratifican Sabbagh y Rezaei"},"content":{"rendered":"<p style=\"text-align: justify;\"><span style=\"color: #800000;\"><strong>Teher\u00e1n, SANA<\/strong><\/span><\/p>\n<p style=\"text-align: justify;\">El presidente de la Asamblea del Pueblo (parlamento), Hamoudah Sabbagh, destac\u00f3 la profundidad de las relaciones estrat\u00e9gicas entre Siria e Ir\u00e1n, y la necesidad de fortalecerlas en varios campos, especialmente en lo econ\u00f3mico y comercial, y elevarlas al nivel de las excelentes relaciones pol\u00edticas entre los dos pa\u00edses.<\/p>\n<p style=\"text-align: justify;\">Durante su reuni\u00f3n sostenida en Teher\u00e1n con el Secretario del Consejo de Conveniencia en Ir\u00e1n, Mohsen Rezaei, el jefe del Legislativo sirio ensalz\u00f3 la cooperaci\u00f3n entre Siria e Ir\u00e1n en la lucha contra el terrorismo.<\/p>\n<p style=\"text-align: justify;\">&#8220;La sangre siria se mezcl\u00f3 con la iran\u00ed lo cual dio como fruto a victorias frente al terrorismo que amenaza el mundo entero&#8221;, indic\u00f3.<br \/>\nAgreg\u00f3 que las dos naciones enfrentan un enemigo com\u00fan y comparten el mismo destino, por lo tanto, los esfuerzos conjuntos concertados entre las partes siria e iran\u00ed y la activaci\u00f3n y el fortalecimiento de la cooperaci\u00f3n beneficiar\u00edan a los dos pueblos amigos&#8221;.<\/p>\n<p style=\"text-align: justify;\">Denunci\u00f3 la pol\u00edtica de doble rasero seguida por Estados Unidos y Occidente hacia Siria. &#8220;Washington mira a nuestras cuestiones desde una perspectiva sionista a base de los intereses de la entidad ocupante&#8221;, a\u00f1adi\u00f3 el jefe del parlamento.<\/p>\n<p style=\"text-align: justify;\">Por su parte, Rezaei afirm\u00f3 que el mundo est\u00e1 en deuda con Siria e Ir\u00e1n por su lucha contra el terrorismo y los grupos takfiristas que han persistido en su terrorismo y criminalidad.<\/p>\n<p style=\"text-align: justify;\">Alab\u00f3 las victorias logradas por el liderazgo, pueblo y ej\u00e9rcito de Siria contra el terrorismo.<\/p>\n<p style=\"text-align: justify;\">Asimismo, expres\u00f3 el inter\u00e9s de la parte iran\u00ed por mejorar la cooperaci\u00f3n con Siria en varios campos y dijo: &#8220;Nuestras relaciones son s\u00f3lidas y arraigadas, y nadie puede interrumpirlas. Hay muchos que est\u00e1n tratando de influir sobre estas relaciones, pero la voluntad de los dos pa\u00edses es m\u00e1s fuerte y estaremos codo con codo en todos los niveles&#8221;.<\/p>\n<p style=\"text-align: justify;\"><span style=\"color: #0000ff;\">fm\/ed<\/span><\/p>\n","protected":false},"excerpt":{"rendered":"<p>Teher\u00e1n, SANA El presidente de la Asamblea del Pueblo (parlamento), Hamoudah Sabbagh, destac\u00f3 la profundidad de las relaciones estrat\u00e9gicas entre Siria e Ir\u00e1n, y la necesidad de fortalecerlas en varios campos, especialmente en lo econ\u00f3mico y comercial, y elevarlas al nivel de las excelentes relaciones pol\u00edticas entre los dos pa\u00edses. Durante su reuni\u00f3n sostenida en &hellip;<\/p>\n","protected":false},"author":32,"featured_media":191505,"comment_status":"closed","ping_status":"closed","sticky":false,"template":"","format":"standard","meta":{"footnotes":""},"categories":[597,467,583,7541],"tags":[],"class_list":["post-191486","post","type-post","status-publish","format-standard","has-post-thumbnail","","category-cinta-de-noticias","category-siria-y-el-mundo","category-slide","category-ultimas-noticias"],"_links":{"self":[{"href":"https:\/\/archive.sana.sy\/es\/index.php?rest_route=\/wp\/v2\/posts\/191486"}],"collection":[{"href":"https:\/\/archive.sana.sy\/es\/index.php?rest_route=\/wp\/v2\/posts"}],"about":[{"href":"https:\/\/archive.sana.sy\/es\/index.php?rest_route=\/wp\/v2\/types\/post"}],"author":[{"embeddable":true,"href":"https:\/\/archive.sana.sy\/es\/index.php?rest_route=\/wp\/v2\/users\/32"}],"replies":[{"embeddable":true,"href":"https:\/\/archive.sana.sy\/es\/index.php?rest_route=%2Fwp%2Fv2%2Fcomments&post=191486"}],"version-history":[{"count":0,"href":"https:\/\/archive.sana.sy\/es\/index.php?rest_route=\/wp\/v2\/posts\/191486\/revisions"}],"wp:featuredmedia":[{"embeddable":true,"href":"https:\/\/archive.sana.sy\/es\/index.php?rest_route=\/wp\/v2\/media\/191505"}],"wp:attachment":[{"href":"https:\/\/archive.sana.sy\/es\/index.php?rest_route=%2Fwp%2Fv2%2Fmedia&parent=191486"}],"wp:term":[{"taxonomy":"category","embeddable":true,"href":"https:\/\/archive.sana.sy\/es\/index.php?rest_route=%2Fwp%2Fv2%2Fcategories&post=191486"},{"taxonomy":"post_tag","embeddable":true,"href":"https:\/\/archive.sana.sy\/es\/index.php?rest_route=%2Fwp%2Fv2%2Ftags&post=191486"}],"curies":[{"name":"wp","href":"https:\/\/api.w.org\/{rel}","templated":true}]}}