{"id":191530,"date":"2021-08-04T15:55:11","date_gmt":"2021-08-04T12:55:11","guid":{"rendered":"http:\/\/107.6.182.27\/es\/?p=191530"},"modified":"2021-08-04T20:01:54","modified_gmt":"2021-08-04T17:01:54","slug":"incremento-de-horas-de-racionamiento-se-debe-a-la-caida-de-suministro-de-gas-a-los-generados-por-el-injusto-bloqueo-contra-siria","status":"publish","type":"post","link":"https:\/\/archive.sana.sy\/es\/?p=191530","title":{"rendered":"Injusto bloqueo econ\u00f3mico contra Siria provoca incremento de horas de racionamiento el\u00e9ctrico"},"content":{"rendered":"<p style=\"text-align: justify\"><span style=\"color: #800000\">Damasco, SANA<\/span><\/p>\n<p style=\"text-align: justify\">El Director del Departamento de Producci\u00f3n de la Compa\u00f1\u00eda Estatal de la Generaci\u00f3n de Electricidad, Najwan al-Khoury, revel\u00f3 que el hecho de elevar las horas de racionamiento el\u00e9ctrico durante los \u00faltimos d\u00edas se debe a la ca\u00edda de las cantidades de gas suministradas a los grupos de generaci\u00f3n.<\/p>\n<p style=\"text-align: justify\">En declaraciones a SANA, al-Khoury explic\u00f3 que hace poco la energ\u00eda generada era de unos 2400 megavatios, pues se suministraba a los grupos de generaci\u00f3n cantidades de gas de hasta 9 millones y 600 mil metros c\u00fabicos.<\/p>\n<p style=\"text-align: justify\">Explic\u00f3 que recientemente, las centrales reciben solo 8 millones de metros c\u00fabicos de gas, hecho que caus\u00f3 una disminuci\u00f3n de la producci\u00f3n de 2400 a 2000 megavatios, y por lo tanto ha generado un aumento de las horas de racionamiento.<\/p>\n<p style=\"text-align: justify\">Indic\u00f3 que la electricidad generada actualmente se distribuye a todas las provincias, y se necesita 19 millones de metros c\u00fabicos de gas cada d\u00eda para hacer operar las plantas de generaci\u00f3n.<\/p>\n<p style=\"text-align: justify\">Siria sufre de injustas medidas coercitivas unilaterales impuestas por Occidentes, las cuales est\u00e1n impidiendo la llegada del combustible, equipos m\u00e9dicos y f\u00e1rmacos al pueblo sirio.<\/p>\n<p style=\"text-align: justify\"><span style=\"color: #0000ff\"><em><strong>la<\/strong><\/em><\/span><\/p>\n","protected":false},"excerpt":{"rendered":"<p>Damasco, SANA El Director del Departamento de Producci\u00f3n de la Compa\u00f1\u00eda Estatal de la Generaci\u00f3n de Electricidad, Najwan al-Khoury, revel\u00f3 que el hecho de elevar las horas de racionamiento el\u00e9ctrico durante los \u00faltimos d\u00edas se debe a la ca\u00edda de las cantidades de gas suministradas a los grupos de generaci\u00f3n. En declaraciones a SANA, al-Khoury &hellip;<\/p>\n","protected":false},"author":24,"featured_media":191531,"comment_status":"closed","ping_status":"closed","sticky":false,"template":"","format":"standard","meta":{"footnotes":""},"categories":[597,476,7541],"tags":[],"class_list":["post-191530","post","type-post","status-publish","format-standard","has-post-thumbnail","","category-cinta-de-noticias","category-locales","category-ultimas-noticias"],"_links":{"self":[{"href":"https:\/\/archive.sana.sy\/es\/index.php?rest_route=\/wp\/v2\/posts\/191530"}],"collection":[{"href":"https:\/\/archive.sana.sy\/es\/index.php?rest_route=\/wp\/v2\/posts"}],"about":[{"href":"https:\/\/archive.sana.sy\/es\/index.php?rest_route=\/wp\/v2\/types\/post"}],"author":[{"embeddable":true,"href":"https:\/\/archive.sana.sy\/es\/index.php?rest_route=\/wp\/v2\/users\/24"}],"replies":[{"embeddable":true,"href":"https:\/\/archive.sana.sy\/es\/index.php?rest_route=%2Fwp%2Fv2%2Fcomments&post=191530"}],"version-history":[{"count":0,"href":"https:\/\/archive.sana.sy\/es\/index.php?rest_route=\/wp\/v2\/posts\/191530\/revisions"}],"wp:featuredmedia":[{"embeddable":true,"href":"https:\/\/archive.sana.sy\/es\/index.php?rest_route=\/wp\/v2\/media\/191531"}],"wp:attachment":[{"href":"https:\/\/archive.sana.sy\/es\/index.php?rest_route=%2Fwp%2Fv2%2Fmedia&parent=191530"}],"wp:term":[{"taxonomy":"category","embeddable":true,"href":"https:\/\/archive.sana.sy\/es\/index.php?rest_route=%2Fwp%2Fv2%2Fcategories&post=191530"},{"taxonomy":"post_tag","embeddable":true,"href":"https:\/\/archive.sana.sy\/es\/index.php?rest_route=%2Fwp%2Fv2%2Ftags&post=191530"}],"curies":[{"name":"wp","href":"https:\/\/api.w.org\/{rel}","templated":true}]}}