{"id":191535,"date":"2021-08-04T22:03:56","date_gmt":"2021-08-04T19:03:56","guid":{"rendered":"http:\/\/107.6.182.27\/es\/?p=191535"},"modified":"2021-08-05T08:56:54","modified_gmt":"2021-08-05T05:56:54","slug":"ocupante-turco-ataca-aldeas-en-el-campo-de-hasakah","status":"publish","type":"post","link":"https:\/\/archive.sana.sy\/es\/?p=191535","title":{"rendered":"Ocupante turco ataca aldeas en el campo de Hasakah"},"content":{"rendered":"<p><span style=\"color: #800000;\">Hasakah, SANA<\/span><\/p>\n<p style=\"text-align: justify;\">Las fuerzas de ocupaci\u00f3n turcas y sus mercenarios de organizaciones terroristas atacaron casas en varias aldeas de las zonas de Abu Rasin y Tal Tamer en la campi\u00f1a septentrional de la gobernaci\u00f3n de Hasakah.<\/p>\n<p style=\"text-align: justify;\">Fuentes locales comunicaron al reportero de SANA que las fuerzas de ocupaci\u00f3n turcas y sus mercenarios atacaron con una serie de proyectiles de artiller\u00eda pesada y misiles las casas en las aldeas de Tal Al-Ward y Umm Al-Kaif en las cercan\u00edas de las localidades de Abu Rasin y Tal Tamer, que provoc\u00f3 da\u00f1os en las viviendas y propiedades de la poblaci\u00f3n.<\/p>\n<p><em>mm\/fm<\/em><\/p>\n","protected":false},"excerpt":{"rendered":"<p>Hasakah, SANA Las fuerzas de ocupaci\u00f3n turcas y sus mercenarios de organizaciones terroristas atacaron casas en varias aldeas de las zonas de Abu Rasin y Tal Tamer en la campi\u00f1a septentrional de la gobernaci\u00f3n de Hasakah. Fuentes locales comunicaron al reportero de SANA que las fuerzas de ocupaci\u00f3n turcas y sus mercenarios atacaron con una &hellip;<\/p>\n","protected":false},"author":36,"featured_media":191536,"comment_status":"closed","ping_status":"closed","sticky":false,"template":"","format":"standard","meta":{"footnotes":""},"categories":[597,573],"tags":[],"class_list":["post-191535","post","type-post","status-publish","format-standard","has-post-thumbnail","","category-cinta-de-noticias","category-la-realidad-de-los-acontecimientos-en-siria"],"_links":{"self":[{"href":"https:\/\/archive.sana.sy\/es\/index.php?rest_route=\/wp\/v2\/posts\/191535"}],"collection":[{"href":"https:\/\/archive.sana.sy\/es\/index.php?rest_route=\/wp\/v2\/posts"}],"about":[{"href":"https:\/\/archive.sana.sy\/es\/index.php?rest_route=\/wp\/v2\/types\/post"}],"author":[{"embeddable":true,"href":"https:\/\/archive.sana.sy\/es\/index.php?rest_route=\/wp\/v2\/users\/36"}],"replies":[{"embeddable":true,"href":"https:\/\/archive.sana.sy\/es\/index.php?rest_route=%2Fwp%2Fv2%2Fcomments&post=191535"}],"version-history":[{"count":0,"href":"https:\/\/archive.sana.sy\/es\/index.php?rest_route=\/wp\/v2\/posts\/191535\/revisions"}],"wp:featuredmedia":[{"embeddable":true,"href":"https:\/\/archive.sana.sy\/es\/index.php?rest_route=\/wp\/v2\/media\/191536"}],"wp:attachment":[{"href":"https:\/\/archive.sana.sy\/es\/index.php?rest_route=%2Fwp%2Fv2%2Fmedia&parent=191535"}],"wp:term":[{"taxonomy":"category","embeddable":true,"href":"https:\/\/archive.sana.sy\/es\/index.php?rest_route=%2Fwp%2Fv2%2Fcategories&post=191535"},{"taxonomy":"post_tag","embeddable":true,"href":"https:\/\/archive.sana.sy\/es\/index.php?rest_route=%2Fwp%2Fv2%2Ftags&post=191535"}],"curies":[{"name":"wp","href":"https:\/\/api.w.org\/{rel}","templated":true}]}}