{"id":191638,"date":"2021-08-05T21:46:57","date_gmt":"2021-08-05T18:46:57","guid":{"rendered":"http:\/\/107.6.182.27\/es\/?p=191638"},"modified":"2023-01-09T14:05:28","modified_gmt":"2023-01-09T12:05:28","slug":"deir-ezzor-rehabilita-sus-carreteras-en-zonas-liberadas-del-terrorismo-fotos","status":"publish","type":"post","link":"https:\/\/archive.sana.sy\/es\/?p=191638","title":{"rendered":"Deir Ezzor rehabilita sus carreteras en zonas liberadas del terrorismo (+fotos)"},"content":{"rendered":"<p style=\"text-align: justify;\"><span style=\"color: #800000;\"><strong>Deir Ezzor, SANA<\/strong><\/span><\/p>\n<p style=\"text-align: justify;\">Los equipos de t\u00e9cnicos y trabajadores de la Compa\u00f1\u00eda General de Carreteras y Puentes en la provincia oriental de Deir Ezzor llevan a cabo proyectos de rehabilitaci\u00f3n y pavimentaci\u00f3n en varias carreteras en el campo de la provincia.<\/p>\n<p style=\"text-align: justify;\">El director de la Empresa dijo en una declaraci\u00f3n a SANA, que el plan de rehabilitaci\u00f3n incluye nueve carreteras con un costo de 165 millones de libras sirias.<\/p>\n<p style=\"text-align: justify;\"><span style=\"color: #0000ff;\"><strong>sm\/fm<\/strong><\/span><\/p>\n<div id='gallery-1' class='gallery galleryid-191638 gallery-columns-1 gallery-size-full'><figure class='gallery-item'>\n\t\t\t<div class='gallery-icon landscape'>\n\t\t\t\t<a href='https:\/\/archive.sana.sy\/es\/?attachment_id=191640'><img loading=\"lazy\" decoding=\"async\" width=\"2560\" height=\"1436\" src=\"https:\/\/archive.sana.sy\/es\/wp-content\/uploads\/2021\/08\/photo_2021-08-05_18-19-13-scaled.jpg\" class=\"attachment-full size-full\" alt=\"\" srcset=\"https:\/\/archive.sana.sy\/es\/wp-content\/uploads\/2021\/08\/photo_2021-08-05_18-19-13-scaled.jpg 2560w, https:\/\/archive.sana.sy\/es\/wp-content\/uploads\/2021\/08\/photo_2021-08-05_18-19-13-300x168.jpg 300w, https:\/\/archive.sana.sy\/es\/wp-content\/uploads\/2021\/08\/photo_2021-08-05_18-19-13-1024x575.jpg 1024w, https:\/\/archive.sana.sy\/es\/wp-content\/uploads\/2021\/08\/photo_2021-08-05_18-19-13-150x84.jpg 150w, https:\/\/archive.sana.sy\/es\/wp-content\/uploads\/2021\/08\/photo_2021-08-05_18-19-13-768x431.jpg 768w, https:\/\/archive.sana.sy\/es\/wp-content\/uploads\/2021\/08\/photo_2021-08-05_18-19-13-1536x862.jpg 1536w, https:\/\/archive.sana.sy\/es\/wp-content\/uploads\/2021\/08\/photo_2021-08-05_18-19-13-2048x1149.jpg 2048w\" sizes=\"(max-width: 2560px) 100vw, 2560px\" \/><\/a>\n\t\t\t<\/div><\/figure><figure class='gallery-item'>\n\t\t\t<div class='gallery-icon landscape'>\n\t\t\t\t<a href='https:\/\/archive.sana.sy\/es\/?attachment_id=191641'><img loading=\"lazy\" decoding=\"async\" width=\"2560\" height=\"1435\" src=\"https:\/\/archive.sana.sy\/es\/wp-content\/uploads\/2021\/08\/photo_2021-08-05_18-19-35-scaled.jpg\" class=\"attachment-full size-full\" alt=\"\" srcset=\"https:\/\/archive.sana.sy\/es\/wp-content\/uploads\/2021\/08\/photo_2021-08-05_18-19-35-scaled.jpg 2560w, https:\/\/archive.sana.sy\/es\/wp-content\/uploads\/2021\/08\/photo_2021-08-05_18-19-35-300x168.jpg 300w, https:\/\/archive.sana.sy\/es\/wp-content\/uploads\/2021\/08\/photo_2021-08-05_18-19-35-1024x574.jpg 1024w, https:\/\/archive.sana.sy\/es\/wp-content\/uploads\/2021\/08\/photo_2021-08-05_18-19-35-150x84.jpg 150w, https:\/\/archive.sana.sy\/es\/wp-content\/uploads\/2021\/08\/photo_2021-08-05_18-19-35-768x430.jpg 768w, https:\/\/archive.sana.sy\/es\/wp-content\/uploads\/2021\/08\/photo_2021-08-05_18-19-35-1536x861.jpg 1536w, https:\/\/archive.sana.sy\/es\/wp-content\/uploads\/2021\/08\/photo_2021-08-05_18-19-35-2048x1148.jpg 2048w\" sizes=\"(max-width: 2560px) 100vw, 2560px\" \/><\/a>\n\t\t\t<\/div><\/figure><figure class='gallery-item'>\n\t\t\t<div class='gallery-icon landscape'>\n\t\t\t\t<a href='https:\/\/archive.sana.sy\/es\/?attachment_id=191642'><img loading=\"lazy\" decoding=\"async\" width=\"2560\" height=\"1639\" src=\"https:\/\/archive.sana.sy\/es\/wp-content\/uploads\/2021\/08\/photo_2021-08-05_18-19-45-scaled.jpg\" class=\"attachment-full size-full\" alt=\"\" srcset=\"https:\/\/archive.sana.sy\/es\/wp-content\/uploads\/2021\/08\/photo_2021-08-05_18-19-45-scaled.jpg 2560w, https:\/\/archive.sana.sy\/es\/wp-content\/uploads\/2021\/08\/photo_2021-08-05_18-19-45-300x192.jpg 300w, https:\/\/archive.sana.sy\/es\/wp-content\/uploads\/2021\/08\/photo_2021-08-05_18-19-45-1024x656.jpg 1024w, https:\/\/archive.sana.sy\/es\/wp-content\/uploads\/2021\/08\/photo_2021-08-05_18-19-45-150x96.jpg 150w, https:\/\/archive.sana.sy\/es\/wp-content\/uploads\/2021\/08\/photo_2021-08-05_18-19-45-768x492.jpg 768w, https:\/\/archive.sana.sy\/es\/wp-content\/uploads\/2021\/08\/photo_2021-08-05_18-19-45-1536x984.jpg 1536w, https:\/\/archive.sana.sy\/es\/wp-content\/uploads\/2021\/08\/photo_2021-08-05_18-19-45-2048x1312.jpg 2048w\" sizes=\"(max-width: 2560px) 100vw, 2560px\" \/><\/a>\n\t\t\t<\/div><\/figure><figure class='gallery-item'>\n\t\t\t<div class='gallery-icon landscape'>\n\t\t\t\t<a href='https:\/\/archive.sana.sy\/es\/?attachment_id=191643'><img loading=\"lazy\" decoding=\"async\" width=\"2560\" height=\"1436\" src=\"https:\/\/archive.sana.sy\/es\/wp-content\/uploads\/2021\/08\/photo_2021-08-05_18-19-50-scaled.jpg\" class=\"attachment-full size-full\" alt=\"\" srcset=\"https:\/\/archive.sana.sy\/es\/wp-content\/uploads\/2021\/08\/photo_2021-08-05_18-19-50-scaled.jpg 2560w, https:\/\/archive.sana.sy\/es\/wp-content\/uploads\/2021\/08\/photo_2021-08-05_18-19-50-300x168.jpg 300w, https:\/\/archive.sana.sy\/es\/wp-content\/uploads\/2021\/08\/photo_2021-08-05_18-19-50-1024x575.jpg 1024w, https:\/\/archive.sana.sy\/es\/wp-content\/uploads\/2021\/08\/photo_2021-08-05_18-19-50-150x84.jpg 150w, https:\/\/archive.sana.sy\/es\/wp-content\/uploads\/2021\/08\/photo_2021-08-05_18-19-50-768x431.jpg 768w, https:\/\/archive.sana.sy\/es\/wp-content\/uploads\/2021\/08\/photo_2021-08-05_18-19-50-1536x862.jpg 1536w, https:\/\/archive.sana.sy\/es\/wp-content\/uploads\/2021\/08\/photo_2021-08-05_18-19-50-2048x1149.jpg 2048w\" sizes=\"(max-width: 2560px) 100vw, 2560px\" \/><\/a>\n\t\t\t<\/div><\/figure><figure class='gallery-item'>\n\t\t\t<div class='gallery-icon landscape'>\n\t\t\t\t<a href='https:\/\/archive.sana.sy\/es\/?attachment_id=191644'><img loading=\"lazy\" decoding=\"async\" width=\"2560\" height=\"1436\" src=\"https:\/\/archive.sana.sy\/es\/wp-content\/uploads\/2021\/08\/photo_2021-08-05_18-19-55-scaled.jpg\" class=\"attachment-full size-full\" alt=\"\" srcset=\"https:\/\/archive.sana.sy\/es\/wp-content\/uploads\/2021\/08\/photo_2021-08-05_18-19-55-scaled.jpg 2560w, https:\/\/archive.sana.sy\/es\/wp-content\/uploads\/2021\/08\/photo_2021-08-05_18-19-55-300x168.jpg 300w, https:\/\/archive.sana.sy\/es\/wp-content\/uploads\/2021\/08\/photo_2021-08-05_18-19-55-1024x575.jpg 1024w, https:\/\/archive.sana.sy\/es\/wp-content\/uploads\/2021\/08\/photo_2021-08-05_18-19-55-150x84.jpg 150w, https:\/\/archive.sana.sy\/es\/wp-content\/uploads\/2021\/08\/photo_2021-08-05_18-19-55-768x431.jpg 768w, https:\/\/archive.sana.sy\/es\/wp-content\/uploads\/2021\/08\/photo_2021-08-05_18-19-55-1536x862.jpg 1536w, https:\/\/archive.sana.sy\/es\/wp-content\/uploads\/2021\/08\/photo_2021-08-05_18-19-55-2048x1149.jpg 2048w\" sizes=\"(max-width: 2560px) 100vw, 2560px\" \/><\/a>\n\t\t\t<\/div><\/figure>\n\t\t<\/div>\n\n","protected":false},"excerpt":{"rendered":"<p>Deir Ezzor, SANA Los equipos de t\u00e9cnicos y trabajadores de la Compa\u00f1\u00eda General de Carreteras y Puentes en la provincia oriental de Deir Ezzor llevan a cabo proyectos de rehabilitaci\u00f3n y pavimentaci\u00f3n en varias carreteras en el campo de la provincia. El director de la Empresa dijo en una declaraci\u00f3n a SANA, que el plan &hellip;<\/p>\n","protected":false},"author":39,"featured_media":191639,"comment_status":"closed","ping_status":"closed","sticky":false,"template":"","format":"standard","meta":{"footnotes":""},"categories":[597,625,623,476,571],"tags":[],"class_list":["post-191638","post","type-post","status-publish","format-standard","has-post-thumbnail","","category-cinta-de-noticias","category-fotos-fotos-sana","category-fotos-sana","category-locales","category-siria-en-fotos"],"_links":{"self":[{"href":"https:\/\/archive.sana.sy\/es\/index.php?rest_route=\/wp\/v2\/posts\/191638"}],"collection":[{"href":"https:\/\/archive.sana.sy\/es\/index.php?rest_route=\/wp\/v2\/posts"}],"about":[{"href":"https:\/\/archive.sana.sy\/es\/index.php?rest_route=\/wp\/v2\/types\/post"}],"author":[{"embeddable":true,"href":"https:\/\/archive.sana.sy\/es\/index.php?rest_route=\/wp\/v2\/users\/39"}],"replies":[{"embeddable":true,"href":"https:\/\/archive.sana.sy\/es\/index.php?rest_route=%2Fwp%2Fv2%2Fcomments&post=191638"}],"version-history":[{"count":0,"href":"https:\/\/archive.sana.sy\/es\/index.php?rest_route=\/wp\/v2\/posts\/191638\/revisions"}],"wp:featuredmedia":[{"embeddable":true,"href":"https:\/\/archive.sana.sy\/es\/index.php?rest_route=\/wp\/v2\/media\/191639"}],"wp:attachment":[{"href":"https:\/\/archive.sana.sy\/es\/index.php?rest_route=%2Fwp%2Fv2%2Fmedia&parent=191638"}],"wp:term":[{"taxonomy":"category","embeddable":true,"href":"https:\/\/archive.sana.sy\/es\/index.php?rest_route=%2Fwp%2Fv2%2Fcategories&post=191638"},{"taxonomy":"post_tag","embeddable":true,"href":"https:\/\/archive.sana.sy\/es\/index.php?rest_route=%2Fwp%2Fv2%2Ftags&post=191638"}],"curies":[{"name":"wp","href":"https:\/\/api.w.org\/{rel}","templated":true}]}}