{"id":191692,"date":"2021-08-05T22:49:52","date_gmt":"2021-08-05T19:49:52","guid":{"rendered":"http:\/\/107.6.182.27\/es\/?p=191692"},"modified":"2023-01-12T14:40:40","modified_gmt":"2023-01-12T12:40:40","slug":"agresor-saudita-realiza-nuevas-violaciones-en-yemen","status":"publish","type":"post","link":"https:\/\/archive.sana.sy\/es\/?p=191692","title":{"rendered":"Agresor saudita realiza nuevas violaciones en Yemen"},"content":{"rendered":"<h4 style=\"text-align: justify;\"><span style=\"color: #800000;\">San\u00e1, SANA<\/span><\/h4>\n<p style=\"text-align: justify;\">Las fuerzas del agresor saudita siguen violando el acuerdo de alto el fuego en la gobernaci\u00f3n de Al-Hodeidah, en el oeste de Yemen.<\/p>\n<p style=\"text-align: justify;\">Fuente militar yemen\u00ed registr\u00f3 95 violaciones en las \u00faltimas 24 horas, incluida una redada de un avi\u00f3n esp\u00eda y el sobrevuelo de cinco aviones esp\u00eda, 13 bombardeos con artiller\u00edas y 73 disparos con balas.<\/p>\n<p style=\"text-align: justify;\">Durante sus conversaciones en Suecia el 13 de diciembre de 2018, las partes yemen\u00edes alcanzaron un acuerdo de alto el fuego en la gobernaci\u00f3n costera de Hodeidah, y otros entendimientos sobre la ciudad de Ta\u00edz, pero la alianza saudita y sus mercenarios contin\u00faan sus violaciones de este acuerdo.<\/p>\n<p style=\"text-align: justify;\"><strong><span style=\"color: #0000ff;\">sm\/fm<\/span><\/strong><\/p>\n","protected":false},"excerpt":{"rendered":"<p>San\u00e1, SANA Las fuerzas del agresor saudita siguen violando el acuerdo de alto el fuego en la gobernaci\u00f3n de Al-Hodeidah, en el oeste de Yemen. Fuente militar yemen\u00ed registr\u00f3 95 violaciones en las \u00faltimas 24 horas, incluida una redada de un avi\u00f3n esp\u00eda y el sobrevuelo de cinco aviones esp\u00eda, 13 bombardeos con artiller\u00edas y &hellip;<\/p>\n","protected":false},"author":39,"featured_media":191694,"comment_status":"closed","ping_status":"closed","sticky":false,"template":"","format":"standard","meta":{"footnotes":""},"categories":[597,456],"tags":[],"class_list":["post-191692","post","type-post","status-publish","format-standard","has-post-thumbnail","","category-cinta-de-noticias","category-arabe-internacional-politica"],"_links":{"self":[{"href":"https:\/\/archive.sana.sy\/es\/index.php?rest_route=\/wp\/v2\/posts\/191692"}],"collection":[{"href":"https:\/\/archive.sana.sy\/es\/index.php?rest_route=\/wp\/v2\/posts"}],"about":[{"href":"https:\/\/archive.sana.sy\/es\/index.php?rest_route=\/wp\/v2\/types\/post"}],"author":[{"embeddable":true,"href":"https:\/\/archive.sana.sy\/es\/index.php?rest_route=\/wp\/v2\/users\/39"}],"replies":[{"embeddable":true,"href":"https:\/\/archive.sana.sy\/es\/index.php?rest_route=%2Fwp%2Fv2%2Fcomments&post=191692"}],"version-history":[{"count":0,"href":"https:\/\/archive.sana.sy\/es\/index.php?rest_route=\/wp\/v2\/posts\/191692\/revisions"}],"wp:featuredmedia":[{"embeddable":true,"href":"https:\/\/archive.sana.sy\/es\/index.php?rest_route=\/wp\/v2\/media\/191694"}],"wp:attachment":[{"href":"https:\/\/archive.sana.sy\/es\/index.php?rest_route=%2Fwp%2Fv2%2Fmedia&parent=191692"}],"wp:term":[{"taxonomy":"category","embeddable":true,"href":"https:\/\/archive.sana.sy\/es\/index.php?rest_route=%2Fwp%2Fv2%2Fcategories&post=191692"},{"taxonomy":"post_tag","embeddable":true,"href":"https:\/\/archive.sana.sy\/es\/index.php?rest_route=%2Fwp%2Fv2%2Ftags&post=191692"}],"curies":[{"name":"wp","href":"https:\/\/api.w.org\/{rel}","templated":true}]}}