{"id":191737,"date":"2023-07-24T09:00:38","date_gmt":"2023-07-24T06:00:38","guid":{"rendered":"http:\/\/107.6.182.27\/es\/?p=191737"},"modified":"2023-07-24T21:10:22","modified_gmt":"2023-07-24T18:10:22","slug":"yusef-al-azmeh-el-ministro-sirio-que-dio-su-vida-para-defender-a-su-pais-del-colonialismo-frances","status":"publish","type":"post","link":"https:\/\/archive.sana.sy\/es\/?p=191737","title":{"rendered":"Yusef al-Azmeh, el ministro sirio que dio su vida para defender a su pa\u00eds del colonialismo franc\u00e9s"},"content":{"rendered":"<p style=\"text-align: justify;\"><span style=\"color: #800000;\"><strong>Damasco, SANA<\/strong><\/span><\/p>\n<p style=\"text-align: justify;\">Yusef al-Azmeh es un comandante militar sirio ca\u00eddo en combate mientras enfrentaba al ej\u00e9rcito franc\u00e9s que lleg\u00f3 a ocupar Siria y el L\u00edbano en 1920.<\/p>\n<p style=\"text-align: justify;\">Nacido el 6 de abril de 1884 en el antiguo barrio de Shaghour en la capital Damasco, al-Azmeh recibi\u00f3 su educaci\u00f3n primaria en su ciudad natal y se uni\u00f3 a la escuela preparatoria militar en Damasco en 1897, la cual calificaba a sus estudiantes para ingresar en la escuela de oficiales militares.<\/p>\n<p style=\"text-align: justify;\">En 1905, fue ascendido al rango de Primer Teniente en la Escuela de Estado Mayor de Guerra, y dos a\u00f1os despu\u00e9s fue ascendido a Capit\u00e1n Superior.<\/p>\n<p style=\"text-align: justify;\">En 1918, fue elegido consejero del pr\u00edncipe Faisal Bin Al Hussein, y en 1919 fue asignado para dirigir el Consejo Consultivo de Guerra.<\/p>\n<p style=\"text-align: justify;\">El 5 de mayo de 1920, fue nombrado Ministro de Guerra por el rey Faisal I, y el 23 de julio de 1920 fue nombrado su adjunto en la comandancia del ej\u00e9rcito.<\/p>\n<p style=\"text-align: justify;\">El h\u00e9roe al-Azmeh rechaz\u00f3 la famosa advertencia del general franc\u00e9s Henri Gouraud de invadir a Siria si no se reconoce el mandato franc\u00e9s en Siria y si no se disuelve el ej\u00e9rcito sirio.<\/p>\n<p style=\"text-align: justify;\">Una vez las tropas colonialistas franceses avanzaban hacia Damasco, el h\u00e9roe junto a sus compa\u00f1eros decidi\u00f3 enfrentar a las tropas francesas que marchaban hacia Damasco para imponer el mandato franc\u00e9s sobre Siria.<\/p>\n<p style=\"text-align: justify;\">A pesar de tener claro que la victoria era imposible debido al desequilibrio de fuerzas ya que el ej\u00e9rcito franc\u00e9s superaba en n\u00famero y equipo b\u00e9lico a los combatientes sirios, el h\u00e9roe al-Azmeh sali\u00f3 a frenar las tropas francesas el 24 de julio de 1920, donde ocurri\u00f3 una batalla en la localidad de Maysaloun a 50 kil\u00f3metros al oeste de Damasco, donde al-Azmeh y todo su ej\u00e9rcito cayeron en combate para defender el suelo de la patria.<\/p>\n<p style=\"text-align: justify;\">Al-Azmeh dominaba los idiomas \u00e1rabe, turco, franc\u00e9s, alem\u00e1n e ingl\u00e9s, y gan\u00f3 muchas medallas militares en su vida.<\/p>\n<p style=\"text-align: justify;\">En reconocimiento a las heroicidades del m\u00e1rtir Yusef al-Azmeh y su sacrificio sin precedentes al enfrentar el mandato franc\u00e9s, su casa fue convertida el 22 de julio de 1997 por orden gubernamental en un museo que muestra la lucha del pueblo \u00e1rabe sirio contra el mandato franc\u00e9s.<\/p>\n<p style=\"text-align: justify;\"><span style=\"color: #0000ff;\"><strong>Equipo de traductores y redactores de SANA en espa\u00f1ol<\/strong><\/span><\/p>\n","protected":false},"excerpt":{"rendered":"<p>Damasco, SANA Yusef al-Azmeh es un comandante militar sirio ca\u00eddo en combate mientras enfrentaba al ej\u00e9rcito franc\u00e9s que lleg\u00f3 a ocupar Siria y el L\u00edbano en 1920. Nacido el 6 de abril de 1884 en el antiguo barrio de Shaghour en la capital Damasco, al-Azmeh recibi\u00f3 su educaci\u00f3n primaria en su ciudad natal y se &hellip;<\/p>\n","protected":false},"author":30,"featured_media":191740,"comment_status":"closed","ping_status":"closed","sticky":false,"template":"","format":"standard","meta":{"footnotes":""},"categories":[597,583,18781],"tags":[19350,19349],"class_list":["post-191737","post","type-post","status-publish","format-standard","has-post-thumbnail","","category-cinta-de-noticias","category-slide","category-vistazos-sobre-siria","tag-el-ministro-sirio-que-dio-su-vida-para-defender-a-su-pais-del-colonialismo-frances","tag-yusef-al-azmeh"],"_links":{"self":[{"href":"https:\/\/archive.sana.sy\/es\/index.php?rest_route=\/wp\/v2\/posts\/191737"}],"collection":[{"href":"https:\/\/archive.sana.sy\/es\/index.php?rest_route=\/wp\/v2\/posts"}],"about":[{"href":"https:\/\/archive.sana.sy\/es\/index.php?rest_route=\/wp\/v2\/types\/post"}],"author":[{"embeddable":true,"href":"https:\/\/archive.sana.sy\/es\/index.php?rest_route=\/wp\/v2\/users\/30"}],"replies":[{"embeddable":true,"href":"https:\/\/archive.sana.sy\/es\/index.php?rest_route=%2Fwp%2Fv2%2Fcomments&post=191737"}],"version-history":[{"count":2,"href":"https:\/\/archive.sana.sy\/es\/index.php?rest_route=\/wp\/v2\/posts\/191737\/revisions"}],"predecessor-version":[{"id":304638,"href":"https:\/\/archive.sana.sy\/es\/index.php?rest_route=\/wp\/v2\/posts\/191737\/revisions\/304638"}],"wp:featuredmedia":[{"embeddable":true,"href":"https:\/\/archive.sana.sy\/es\/index.php?rest_route=\/wp\/v2\/media\/191740"}],"wp:attachment":[{"href":"https:\/\/archive.sana.sy\/es\/index.php?rest_route=%2Fwp%2Fv2%2Fmedia&parent=191737"}],"wp:term":[{"taxonomy":"category","embeddable":true,"href":"https:\/\/archive.sana.sy\/es\/index.php?rest_route=%2Fwp%2Fv2%2Fcategories&post=191737"},{"taxonomy":"post_tag","embeddable":true,"href":"https:\/\/archive.sana.sy\/es\/index.php?rest_route=%2Fwp%2Fv2%2Ftags&post=191737"}],"curies":[{"name":"wp","href":"https:\/\/api.w.org\/{rel}","templated":true}]}}