{"id":191799,"date":"2021-08-06T14:30:52","date_gmt":"2021-08-06T11:30:52","guid":{"rendered":"http:\/\/107.6.182.27\/es\/?p=191799"},"modified":"2023-01-12T14:40:39","modified_gmt":"2023-01-12T12:40:39","slug":"bombardeo-con-artilleria-del-enemigo-israeli-provoca-incendios-en-territorio-libanes","status":"publish","type":"post","link":"https:\/\/archive.sana.sy\/es\/?p=191799","title":{"rendered":"Bombardeo con artiller\u00eda del enemigo israel\u00ed provoca incendios en territorio liban\u00e9s"},"content":{"rendered":"<p style=\"text-align: justify;\"><span style=\"color: #800000;\"><strong>Beirut, SANA<\/strong><\/span><\/p>\n<p style=\"text-align: justify;\">El enemigo israel\u00ed viol\u00f3 nuevamente la soberan\u00eda libanesa y dispar\u00f3 proyectiles de artiller\u00eda que provocaron incendios en varias zonas en el sur del L\u00edbano.<\/p>\n<p style=\"text-align: justify;\">De acuerdo a un comunicado del Ej\u00e9rcito Liban\u00e9s, 10 de los proyectiles cayeron en las afueras de la localidad de Al-Sadanah y 30 en las afueras de Bastra y Kafr Shuba, lo cual provoc\u00f3 varios incendios.<\/p>\n<p style=\"text-align: justify;\">La v\u00edspera, la Resistencia Nacional Libanesa bombarde\u00f3 las cercan\u00edas de los puestos de ocupaci\u00f3n israel\u00ed en las granjas de Shebaa.<\/p>\n<p style=\"text-align: justify;\"><span style=\"color: #0000ff;\"><strong>sm\/fm<\/strong><\/span><\/p>\n","protected":false},"excerpt":{"rendered":"<p>Beirut, SANA El enemigo israel\u00ed viol\u00f3 nuevamente la soberan\u00eda libanesa y dispar\u00f3 proyectiles de artiller\u00eda que provocaron incendios en varias zonas en el sur del L\u00edbano. De acuerdo a un comunicado del Ej\u00e9rcito Liban\u00e9s, 10 de los proyectiles cayeron en las afueras de la localidad de Al-Sadanah y 30 en las afueras de Bastra y &hellip;<\/p>\n","protected":false},"author":39,"featured_media":191800,"comment_status":"closed","ping_status":"closed","sticky":false,"template":"","format":"standard","meta":{"footnotes":""},"categories":[597,456,7541],"tags":[],"class_list":["post-191799","post","type-post","status-publish","format-standard","has-post-thumbnail","","category-cinta-de-noticias","category-arabe-internacional-politica","category-ultimas-noticias"],"_links":{"self":[{"href":"https:\/\/archive.sana.sy\/es\/index.php?rest_route=\/wp\/v2\/posts\/191799"}],"collection":[{"href":"https:\/\/archive.sana.sy\/es\/index.php?rest_route=\/wp\/v2\/posts"}],"about":[{"href":"https:\/\/archive.sana.sy\/es\/index.php?rest_route=\/wp\/v2\/types\/post"}],"author":[{"embeddable":true,"href":"https:\/\/archive.sana.sy\/es\/index.php?rest_route=\/wp\/v2\/users\/39"}],"replies":[{"embeddable":true,"href":"https:\/\/archive.sana.sy\/es\/index.php?rest_route=%2Fwp%2Fv2%2Fcomments&post=191799"}],"version-history":[{"count":0,"href":"https:\/\/archive.sana.sy\/es\/index.php?rest_route=\/wp\/v2\/posts\/191799\/revisions"}],"wp:featuredmedia":[{"embeddable":true,"href":"https:\/\/archive.sana.sy\/es\/index.php?rest_route=\/wp\/v2\/media\/191800"}],"wp:attachment":[{"href":"https:\/\/archive.sana.sy\/es\/index.php?rest_route=%2Fwp%2Fv2%2Fmedia&parent=191799"}],"wp:term":[{"taxonomy":"category","embeddable":true,"href":"https:\/\/archive.sana.sy\/es\/index.php?rest_route=%2Fwp%2Fv2%2Fcategories&post=191799"},{"taxonomy":"post_tag","embeddable":true,"href":"https:\/\/archive.sana.sy\/es\/index.php?rest_route=%2Fwp%2Fv2%2Ftags&post=191799"}],"curies":[{"name":"wp","href":"https:\/\/api.w.org\/{rel}","templated":true}]}}